{"id":11031,"date":"2018-11-19T16:49:38","date_gmt":"2018-11-19T18:49:38","guid":{"rendered":"https:\/\/blogs.correiobraziliense.com.br\/servidor\/?p=11031"},"modified":"2018-11-19T17:41:15","modified_gmt":"2018-11-19T19:41:15","slug":"sindifisco-muda-muda-de-maos-mas-continuara-sendo-liderado-quase-pelo-mesmo-grupo","status":"publish","type":"post","link":"https:\/\/blogs.correiobraziliense.com.br\/servidor\/sindifisco-muda-muda-de-maos-mas-continuara-sendo-liderado-quase-pelo-mesmo-grupo\/","title":{"rendered":"Sindifisco muda muda de m\u00e3os, mas continuar\u00e1 sendo liderado &#8220;quase&#8221; pelo mesmo grupo"},"content":{"rendered":"<p><em>Kleber Cabral, atualmente presidente da Associa\u00e7\u00e3o Nacional dos Auditores-Fiscais (Unafisco), assumir\u00e1, no dia 2 de janeiro a presid\u00eancia Sindicato Nacional dos Auditores da Receita Federal (Sindifisco). A contagem dos votos ainda n\u00e3o terminou mas a diferen\u00e7a n\u00e3o pode mais ser revertida, segundo informantes<\/em><\/p>\n<p>Cabral, de acordo com t\u00e9cnicos da pr\u00f3pria Receita,\u00a0 n\u00e3o muda muito o cen\u00e1rio atual. Ele \u00e9 do mesmo grupo de Pedro de La Rue, que no passado apoiou e depois se afastou de Cl\u00e1udio Damasceno, que j\u00e1 levou o apelido de &#8220;o irasc\u00edvel&#8221;, por ser considerado genioso.&#8221;A lousa est\u00e1 em branco para 2019. Vamos ter uma conversa com a categoria. Ainda n\u00e3o abrimos nenhuma conversa com o governo. N\u00e3o vamos fazer oposi\u00e7\u00e3o sistem\u00e1tica, mas n\u00e3o tamb\u00e9m n\u00e3o teremos uma postura de alinhamento&#8221;, prometeu Cabral.<\/p>\n<p>Mesmo sem abrir\u00a0\u00a0 totalmente os seus projetos, h\u00e1 quem diga que\u00a0 ele seguir\u00e1 os passos de De La Rue, principalmente no que se refere \u00e0 defesa do b\u00f4nus de efici\u00eancia, que praticamente paralisou a categoria por tr\u00eas anos.<\/p>\n<p>Desde 2015, os auditores fazem greves, paralisa\u00e7\u00f5es pontuais, dias sem computador, entre outros movimentos pela regulamenta\u00e7\u00e3o da parcela mensal de R$ 3 mil, que poder\u00e1 subir de acordo com o desempenho institucional. Cabral vai enfrentar uma categoria dividida e um governo rigoroso com o ajuste fiscal.<\/p>\n<p>No entanto, para a maioria, at\u00e9 mesmo quem n\u00e3o concorda com as premissas de sua futura atua\u00e7\u00e3o, o consideram &#8220;palat\u00e1vel&#8221;. Ou seja, um homem educado e do di\u00e1logo.<\/p>\n","protected":false},"excerpt":{"rendered":"<p>Kleber Cabral, atualmente presidente da Associa\u00e7\u00e3o Nacional dos Auditores-Fiscais (Unafisco), assumir\u00e1, no dia 2 de janeiro a presid\u00eancia Sindicato Nacional dos Auditores da Receita Federal (Sindifisco). A contagem dos votos ainda n\u00e3o terminou mas a diferen\u00e7a n\u00e3o pode mais ser revertida, segundo informantes Cabral, de acordo com t\u00e9cnicos da pr\u00f3pria Receita,\u00a0 n\u00e3o muda muito o cen\u00e1rio atual. Ele \u00e9 do [&hellip;]<\/p>\n","protected":false},"author":27,"featured_media":0,"comment_status":"open","ping_status":"closed","sticky":false,"template":"","format":"standard","meta":{"footnotes":""},"categories":[2719],"tags":[1468,6790,81,294,923,597,3823],"class_list":["post-11031","post","type-post","status-publish","format-standard","hentry","category-servidor","tag-bonus-de-eficiencia","tag-kleber-cabral","tag-presidente","tag-receita-federal","tag-regulamentacao","tag-sindifisco","tag-unafisco"],"_links":{"self":[{"href":"https:\/\/blogs.correiobraziliense.com.br\/servidor\/wp-json\/wp\/v2\/posts\/11031","targetHints":{"allow":["GET"]}}],"collection":[{"href":"https:\/\/blogs.correiobraziliense.com.br\/servidor\/wp-json\/wp\/v2\/posts"}],"about":[{"href":"https:\/\/blogs.correiobraziliense.com.br\/servidor\/wp-json\/wp\/v2\/types\/post"}],"author":[{"embeddable":true,"href":"https:\/\/blogs.correiobraziliense.com.br\/servidor\/wp-json\/wp\/v2\/users\/27"}],"replies":[{"embeddable":true,"href":"https:\/\/blogs.correiobraziliense.com.br\/servidor\/wp-json\/wp\/v2\/comments?post=11031"}],"version-history":[{"count":3,"href":"https:\/\/blogs.correiobraziliense.com.br\/servidor\/wp-json\/wp\/v2\/posts\/11031\/revisions"}],"predecessor-version":[{"id":11035,"href":"https:\/\/blogs.correiobraziliense.com.br\/servidor\/wp-json\/wp\/v2\/posts\/11031\/revisions\/11035"}],"wp:attachment":[{"href":"https:\/\/blogs.correiobraziliense.com.br\/servidor\/wp-json\/wp\/v2\/media?parent=11031"}],"wp:term":[{"taxonomy":"category","embeddable":true,"href":"https:\/\/blogs.correiobraziliense.com.br\/servidor\/wp-json\/wp\/v2\/categories?post=11031"},{"taxonomy":"post_tag","embeddable":true,"href":"https:\/\/blogs.correiobraziliense.com.br\/servidor\/wp-json\/wp\/v2\/tags?post=11031"}],"curies":[{"name":"wp","href":"https:\/\/api.w.org\/{rel}","templated":true}]}}