{"id":11009,"date":"2018-11-15T16:32:56","date_gmt":"2018-11-15T18:32:56","guid":{"rendered":"https:\/\/blogs.correiobraziliense.com.br\/servidor\/?p=11009"},"modified":"2018-11-15T16:32:56","modified_gmt":"2018-11-15T18:32:56","slug":"comunicado-do-presidente-do-banco-central-do-brasil","status":"publish","type":"post","link":"https:\/\/blogs.correiobraziliense.com.br\/servidor\/comunicado-do-presidente-do-banco-central-do-brasil\/","title":{"rendered":"Comunicado do Presidente do Banco Central do Brasil"},"content":{"rendered":"<p>&#8220;O Presidente do Banco Central do Brasil, Ilan Goldfajn, felicita o governo eleito pela indica\u00e7\u00e3o, ao Senado Federal, do economista Roberto Campos Neto para suced\u00ea-lo no cargo. Profissional experiente e reconhecido, com ampla vis\u00e3o sobre o sistema financeiro e a economia nacional e internacional, Roberto Campos Neto conta com seu apoio e sua confian\u00e7a no futuro trabalho \u00e0 frente do BC.<\/p>\n<p>Ilan Goldfajn tamb\u00e9m ressalta as sinaliza\u00e7\u00f5es recentes sobre pol\u00edtica econ\u00f4mica feitas pela futura administra\u00e7\u00e3o federal e as importantes indica\u00e7\u00f5es a cargos p\u00fablicos na \u00e1rea, que visam o crescimento, com infla\u00e7\u00e3o baixa e est\u00e1vel.<\/p>\n<p>O presidente Goldfajn adotar\u00e1 todas as provid\u00eancias para garantir a melhor transi\u00e7\u00e3o no comando da autoridade monet\u00e1ria e, atendendo a pedido do novo governo, permanecer\u00e1 no cargo at\u00e9 que o Senado aprecie o nome de Roberto Campos Neto, nos pr\u00f3ximos meses.<\/p>\n<p>A atual Diretoria Colegiada, com membros oriundos do setor privado e servidores de carreira, permanecer\u00e1 \u00e0 disposi\u00e7\u00e3o do novo presidente do BC, contribuindo para a continuidade e a normalidade dessa transi\u00e7\u00e3o.<\/p>\n<p>Ilan Goldfajn tamb\u00e9m manifesta seu apoio ao projeto de autonomia do BC de autoria da C\u00e2mara dos Deputados e continuar\u00e1 trabalhando junto com os parlamentares para aprovar o texto ainda em 2018. A eventual aprova\u00e7\u00e3o da lei, com mandatos fixos e intercalados dos membros da sua diretoria (Presidente e Diretores), permitir\u00e1 um futuro onde as transi\u00e7\u00f5es do BC e do governo ocorram em momentos distintos, com conhecidos benef\u00edcios para a economia.<\/p>\n<p>A atual gest\u00e3o do BC tem se empenhado na aprova\u00e7\u00e3o da lei de autonomia com mandatos de tempo fixos, mas sempre com o intuito de valer para a pr\u00f3xima Diretoria.<\/p>\n<p>Por fim, o presidente Goldfajn informa que seu afastamento do cargo se d\u00e1 por motivos pessoais e agradece o apoio recebido dos integrantes do pr\u00f3ximo governo, a quem deseja pleno sucesso.<\/p>\n<p>Bras\u00edlia, 15 de novembro de 2018.<br \/>\nBanco Central do Brasil<br \/>\nAssessoria de Imprensa&#8221;<\/p>\n","protected":false},"excerpt":{"rendered":"<p>&#8220;O Presidente do Banco Central do Brasil, Ilan Goldfajn, felicita o governo eleito pela indica\u00e7\u00e3o, ao Senado Federal, do economista Roberto Campos Neto para suced\u00ea-lo no cargo. Profissional experiente e reconhecido, com ampla vis\u00e3o sobre o sistema financeiro e a economia nacional e internacional, Roberto Campos Neto conta com seu apoio e sua confian\u00e7a no futuro trabalho \u00e0 frente do [&hellip;]<\/p>\n","protected":false},"author":27,"featured_media":0,"comment_status":"open","ping_status":"closed","sticky":false,"template":"","format":"standard","meta":{"footnotes":""},"categories":[2719],"tags":[3037,1236,3172,88,6287,13570,98,13921,3854,70,268,1415,81,696,58,9835,12070,2226],"class_list":["post-11009","post","type-post","status-publish","format-standard","hentry","category-servidor","tag-autoridade","tag-banco-central","tag-confianca","tag-economia","tag-economista","tag-eleito","tag-governo","tag-internaional","tag-monetaria","tag-nacional","tag-parlamentares","tag-politica","tag-presidente","tag-senado","tag-servidores","tag-setor-privado","tag-sistema-financeiro","tag-transicao"],"_links":{"self":[{"href":"https:\/\/blogs.correiobraziliense.com.br\/servidor\/wp-json\/wp\/v2\/posts\/11009","targetHints":{"allow":["GET"]}}],"collection":[{"href":"https:\/\/blogs.correiobraziliense.com.br\/servidor\/wp-json\/wp\/v2\/posts"}],"about":[{"href":"https:\/\/blogs.correiobraziliense.com.br\/servidor\/wp-json\/wp\/v2\/types\/post"}],"author":[{"embeddable":true,"href":"https:\/\/blogs.correiobraziliense.com.br\/servidor\/wp-json\/wp\/v2\/users\/27"}],"replies":[{"embeddable":true,"href":"https:\/\/blogs.correiobraziliense.com.br\/servidor\/wp-json\/wp\/v2\/comments?post=11009"}],"version-history":[{"count":1,"href":"https:\/\/blogs.correiobraziliense.com.br\/servidor\/wp-json\/wp\/v2\/posts\/11009\/revisions"}],"predecessor-version":[{"id":11010,"href":"https:\/\/blogs.correiobraziliense.com.br\/servidor\/wp-json\/wp\/v2\/posts\/11009\/revisions\/11010"}],"wp:attachment":[{"href":"https:\/\/blogs.correiobraziliense.com.br\/servidor\/wp-json\/wp\/v2\/media?parent=11009"}],"wp:term":[{"taxonomy":"category","embeddable":true,"href":"https:\/\/blogs.correiobraziliense.com.br\/servidor\/wp-json\/wp\/v2\/categories?post=11009"},{"taxonomy":"post_tag","embeddable":true,"href":"https:\/\/blogs.correiobraziliense.com.br\/servidor\/wp-json\/wp\/v2\/tags?post=11009"}],"curies":[{"name":"wp","href":"https:\/\/api.w.org\/{rel}","templated":true}]}}