{"id":10992,"date":"2018-11-14T13:22:22","date_gmt":"2018-11-14T15:22:22","guid":{"rendered":"https:\/\/blogs.correiobraziliense.com.br\/servidor\/?p=10992"},"modified":"2018-11-14T13:22:22","modified_gmt":"2018-11-14T15:22:22","slug":"geap-prorroga-prazo-de-refis-por-mais-dois-meses","status":"publish","type":"post","link":"https:\/\/blogs.correiobraziliense.com.br\/servidor\/geap-prorroga-prazo-de-refis-por-mais-dois-meses\/","title":{"rendered":"Geap prorroga prazo de Refis por mais dois meses"},"content":{"rendered":"<p><em>O Programa de Refinanciamento de D\u00edvidas (Refis) da Geap Autogest\u00e3o, maior operadora de plano de sa\u00fade dos servidores, foi prorrogado por mais 60 dias<\/em><\/p>\n<p>O Refis foi lan\u00e7ado em maio deste ano, com per\u00edodo de dura\u00e7\u00e3o inicialmente estipulado em seis meses. Venceria no pr\u00f3ximo dia 14. &#8220;Agora, com o novo prazo at\u00e9 14 de janeiro, os benefici\u00e1rios t\u00eam mais tempo para parcelar e quitar seus d\u00e9bitos com at\u00e9 95% de desconto, dependendo do cen\u00e1rio de negocia\u00e7\u00e3o. Outra vantagem do programa \u00e9 o parcelamento do valor da entrada e do saldo remanescente&#8221;, destacou a operadora.<\/p>\n<p>De acordo com a Geap, desde que foi lan\u00e7ado, o Refis colaborou para o retorno de benefici\u00e1rios aos planos da Geap. Para o diretor-executivo da empresa, Leopoldo Jorge Alves Neto, a amplia\u00e7\u00e3o do prazo possibilita, ainda mais, essa volta. \u201cDevido ao sucesso do programa, decidimos prorrogar para oferecer mais oportunidades. Dar alternativas para que o benefici\u00e1rio fique em dia com os planos \u00e9 nossa prioridade\u201d, pontuou.<\/p>\n<p>Os interessados podem comparecer \u00e0 sede da Geap, em todos os Estados brasileiros. Ou podem ligar para a Central Nacional de Teleatendimento: 0800 728 8300 e escolher a op\u00e7\u00e3o Informa\u00e7\u00f5es Financeiras.<\/p>\n<p>As regras do Refis n\u00e3o foram alteradas. Permanecem aptos ao programa aqueles com d\u00edvidas de 14\/02\/2018 para tr\u00e1s, ou seja, valores em aberto acima de 90 dias a contar da implanta\u00e7\u00e3o do programa, em 14\/05\/2018.<\/p>\n","protected":false},"excerpt":{"rendered":"<p>O Programa de Refinanciamento de D\u00edvidas (Refis) da Geap Autogest\u00e3o, maior operadora de plano de sa\u00fade dos servidores, foi prorrogado por mais 60 dias O Refis foi lan\u00e7ado em maio deste ano, com per\u00edodo de dura\u00e7\u00e3o inicialmente estipulado em seis meses. Venceria no pr\u00f3ximo dia 14. &#8220;Agora, com o novo prazo at\u00e9 14 de janeiro, os benefici\u00e1rios t\u00eam mais tempo [&hellip;]<\/p>\n","protected":false},"author":27,"featured_media":0,"comment_status":"open","ping_status":"closed","sticky":false,"template":"","format":"standard","meta":{"footnotes":""},"categories":[2719],"tags":[980,13909,76,42,1053,667,2317,1174,1596,10405,6755,5017,58],"class_list":["post-10992","post","type-post","status-publish","format-standard","hentry","category-servidor","tag-beneficiarios","tag-dlebitos","tag-geap","tag-negociacao","tag-operadora","tag-parcelamento","tag-plano-de-saude","tag-prazo","tag-programa","tag-prorrogado","tag-refis","tag-saldo","tag-servidores"],"_links":{"self":[{"href":"https:\/\/blogs.correiobraziliense.com.br\/servidor\/wp-json\/wp\/v2\/posts\/10992","targetHints":{"allow":["GET"]}}],"collection":[{"href":"https:\/\/blogs.correiobraziliense.com.br\/servidor\/wp-json\/wp\/v2\/posts"}],"about":[{"href":"https:\/\/blogs.correiobraziliense.com.br\/servidor\/wp-json\/wp\/v2\/types\/post"}],"author":[{"embeddable":true,"href":"https:\/\/blogs.correiobraziliense.com.br\/servidor\/wp-json\/wp\/v2\/users\/27"}],"replies":[{"embeddable":true,"href":"https:\/\/blogs.correiobraziliense.com.br\/servidor\/wp-json\/wp\/v2\/comments?post=10992"}],"version-history":[{"count":1,"href":"https:\/\/blogs.correiobraziliense.com.br\/servidor\/wp-json\/wp\/v2\/posts\/10992\/revisions"}],"predecessor-version":[{"id":10993,"href":"https:\/\/blogs.correiobraziliense.com.br\/servidor\/wp-json\/wp\/v2\/posts\/10992\/revisions\/10993"}],"wp:attachment":[{"href":"https:\/\/blogs.correiobraziliense.com.br\/servidor\/wp-json\/wp\/v2\/media?parent=10992"}],"wp:term":[{"taxonomy":"category","embeddable":true,"href":"https:\/\/blogs.correiobraziliense.com.br\/servidor\/wp-json\/wp\/v2\/categories?post=10992"},{"taxonomy":"post_tag","embeddable":true,"href":"https:\/\/blogs.correiobraziliense.com.br\/servidor\/wp-json\/wp\/v2\/tags?post=10992"}],"curies":[{"name":"wp","href":"https:\/\/api.w.org\/{rel}","templated":true}]}}