{"id":1096,"date":"2016-02-25T17:04:08","date_gmt":"2016-02-25T20:04:08","guid":{"rendered":"https:\/\/blogs.correiobraziliense.com.br\/servidor\/?p=1096"},"modified":"2016-02-25T17:04:08","modified_gmt":"2016-02-25T20:04:08","slug":"anfip-vai-a-justica-contra-aumento-da-geap","status":"publish","type":"post","link":"https:\/\/blogs.correiobraziliense.com.br\/servidor\/anfip-vai-a-justica-contra-aumento-da-geap\/","title":{"rendered":"ANFIP VAI \u00c0 JUSTI\u00c7A CONTRA AUMENTO DA GEAP"},"content":{"rendered":"<p><em>Auditores da Receita contra reajuste abusivo da operadora de planos de sa\u00fade<\/em><\/p>\n<p>&nbsp;<\/p>\n<p>A Associa\u00e7\u00e3o Nacional dos Auditores Fiscais da Receita Federal do Brasil (Anfip) entrou nesta semana com a\u00e7\u00e3o na Justi\u00e7a Federal do DF contra o reajuste abusivo de 37,55% anunciado nas mensalidades da Geap Autogest\u00e3o em Sa\u00fade, com validade a partir de fevereiro. A Associa\u00e7\u00e3o prop\u00f4s a\u00e7\u00e3o civil p\u00fablica, com pedido de tutela antecipada, para que seja suspenso o aumento formalizado por meio da Resolu\u00e7\u00e3o Geap\/Conad n\u00ba 99\/2015, e uma nova discuss\u00e3o sobre um \u00edndice que seja adequado \u00e0 realidade de uma entidade de autogest\u00e3o.<\/p>\n<p>&nbsp;<\/p>\n<p>Para a Anfip, o percentual \u00e9 uma afronta, especialmente no momento atual enfrentado pelos servidores p\u00fablicos atendidos pela Geap Sa\u00fade. \u201cEm um cen\u00e1rio em que v\u00e1rias negocia\u00e7\u00f5es salariais com o governo permanecem sem conclus\u00e3o, como no caso dos auditores da Receita Federal, e em que os acordos j\u00e1 fechados sequer rep\u00f5em perdas inflacion\u00e1rias, falar em aumento de 37% para o plano de sa\u00fade \u00e9 atacar diretamente o servidor. Esse valor \u00e9 inaceit\u00e1vel!\u201d, avalia o presidente da Associa\u00e7\u00e3o, Vilson Antonio Romero.<\/p>\n<p>&nbsp;<\/p>\n<p>O percentual foi aprovado pelo Conselho de Administra\u00e7\u00e3o da Geap em 17 de novembro de 2015, para os planos Geap-Refer\u00eancia, GeapEssencial, GeapCl\u00e1ssico, GeapSa\u00fade, GeapSa\u00fade II e GeapFam\u00edlia.<\/p>\n<p>&nbsp;<\/p>\n<p><strong>Rep\u00fadio anterior<\/strong><\/p>\n<p>A Anfip, junto com Anasps (servidores da Previd\u00eancia e da Seguridade Social), Anpprev (procuradores e advogados federais), Fenadados (servidores de empresas de processamento de dados) e CNTSS (trabalhadores em Seguridade Social) lan\u00e7ou em novembro passado uma nota de rep\u00fadio ao percentual de aumento \u2013 confira <a href=\"http:\/\/www.anfip.org.br\/informacoes\/noticias\/Geap-Saude-Entidades-repudiam-aumento-abusivo_18-11-2015\">aqui<\/a> \u2013, denunciando que os servidores p\u00fablicos federais j\u00e1 sofrem com a defasagem salarial agravada pela imposi\u00e7\u00e3o de reajustes muito aqu\u00e9m das perdas acumuladas, e adiados em prol do ajuste fiscal, e que o aumento aprovado para a Geap contribui mais ainda para a precariza\u00e7\u00e3o das condi\u00e7\u00f5es da classe.<\/p>\n<p>&nbsp;<\/p>\n","protected":false},"excerpt":{"rendered":"<p>Auditores da Receita contra reajuste abusivo da operadora de planos de sa\u00fade &nbsp; A Associa\u00e7\u00e3o Nacional dos Auditores Fiscais da Receita Federal do Brasil (Anfip) entrou nesta semana com a\u00e7\u00e3o na Justi\u00e7a Federal do DF contra o reajuste abusivo de 37,55% anunciado nas mensalidades da Geap Autogest\u00e3o em Sa\u00fade, com validade a partir de fevereiro. A Associa\u00e7\u00e3o prop\u00f4s a\u00e7\u00e3o civil [&hellip;]<\/p>\n","protected":false},"author":27,"featured_media":0,"comment_status":"open","ping_status":"closed","sticky":false,"template":"","format":"standard","meta":{"footnotes":""},"categories":[1],"tags":[952,771,31,75,177,76,260,1053,1054,294],"class_list":["post-1096","post","type-post","status-publish","format-standard","hentry","category-sem-categoria","tag-abusivo","tag-anfip","tag-auditores","tag-aumento","tag-contra","tag-geap","tag-justica","tag-operadora","tag-planos-de-saude","tag-receita-federal"],"_links":{"self":[{"href":"https:\/\/blogs.correiobraziliense.com.br\/servidor\/wp-json\/wp\/v2\/posts\/1096","targetHints":{"allow":["GET"]}}],"collection":[{"href":"https:\/\/blogs.correiobraziliense.com.br\/servidor\/wp-json\/wp\/v2\/posts"}],"about":[{"href":"https:\/\/blogs.correiobraziliense.com.br\/servidor\/wp-json\/wp\/v2\/types\/post"}],"author":[{"embeddable":true,"href":"https:\/\/blogs.correiobraziliense.com.br\/servidor\/wp-json\/wp\/v2\/users\/27"}],"replies":[{"embeddable":true,"href":"https:\/\/blogs.correiobraziliense.com.br\/servidor\/wp-json\/wp\/v2\/comments?post=1096"}],"version-history":[{"count":1,"href":"https:\/\/blogs.correiobraziliense.com.br\/servidor\/wp-json\/wp\/v2\/posts\/1096\/revisions"}],"predecessor-version":[{"id":1097,"href":"https:\/\/blogs.correiobraziliense.com.br\/servidor\/wp-json\/wp\/v2\/posts\/1096\/revisions\/1097"}],"wp:attachment":[{"href":"https:\/\/blogs.correiobraziliense.com.br\/servidor\/wp-json\/wp\/v2\/media?parent=1096"}],"wp:term":[{"taxonomy":"category","embeddable":true,"href":"https:\/\/blogs.correiobraziliense.com.br\/servidor\/wp-json\/wp\/v2\/categories?post=1096"},{"taxonomy":"post_tag","embeddable":true,"href":"https:\/\/blogs.correiobraziliense.com.br\/servidor\/wp-json\/wp\/v2\/tags?post=1096"}],"curies":[{"name":"wp","href":"https:\/\/api.w.org\/{rel}","templated":true}]}}