{"id":10952,"date":"2018-11-09T12:20:24","date_gmt":"2018-11-09T14:20:24","guid":{"rendered":"https:\/\/blogs.correiobraziliense.com.br\/servidor\/?p=10952"},"modified":"2018-11-09T12:20:24","modified_gmt":"2018-11-09T14:20:24","slug":"centrais-sindicais-divulgam-principios-em-defesa-da-previdencia-e-seguridade-social","status":"publish","type":"post","link":"https:\/\/blogs.correiobraziliense.com.br\/servidor\/centrais-sindicais-divulgam-principios-em-defesa-da-previdencia-e-seguridade-social\/","title":{"rendered":"Centrais Sindicais divulgam princ\u00edpios em defesa da Previd\u00eancia e Seguridade Social"},"content":{"rendered":"<p><em>As Centrais Sindicais promovem, em 12 de novembro, a Plen\u00e1ria Sindical em Defesa da Previd\u00eancia e Seguridade Social. O evento divulgar\u00e1 os Princ\u00edpios gerais para a Previd\u00eancia e Seguridade Social. A atividade ser\u00e1 realizada no Audit\u00f3rio da Escola Dieese de Ci\u00eancias do Trabalho, em S\u00e3o Paulo, das 9h \u00e0s 12h.<\/em><\/p>\n<p>Os Princ\u00edpios foram elaborados, consensualmente, entre as Centrais e apresentam quest\u00f5es consideradas fundamentais no debate sobre o futuro da previd\u00eancia. O documento destaca direitos a serem assegurados, pol\u00edticas p\u00fablicas a serem aprimoradas, formas de financiamento, alternativas que podem melhorar a gest\u00e3o e medidas de avalia\u00e7\u00e3o e monitoramento permanente do sistema previdenci\u00e1rio.<\/p>\n<p>Os pontos destacados no texto ser\u00e3o debatidos por dirigentes das Centrais Sindicais CSB, CSP-Conlutas, CTB, CUT, For\u00e7a Sindical, Intersindical, NCST e CGTB.<\/p>\n<p>A Escola DIEESE de Ci\u00eancias do Trabalho fica na rua Aurora, 957, no Centro de S\u00e3o Paulo, pr\u00f3ximo ao Metr\u00f4 Rep\u00fablica, sa\u00edda pela rua do Arouche.<\/p>\n<p><strong>Plen\u00e1ria Sindical em Defesa da Previd\u00eancia e Seguridade Social<\/strong><br \/>\nData: 12\/11\/2018<br \/>\nHor\u00e1rio: das 9 \u00e0s 12 horas<br \/>\nLocal: Audit\u00f3rio da Escola DIEESE de Ci\u00eancias do Trabalho<br \/>\nRua Aurora, 957, no Centro de S\u00e3o Paulo (pr\u00f3ximo ao Metr\u00f4 Rep\u00fablica, sa\u00edda pela rua do Arouche)<br \/>\nMais informa\u00e7\u00f5es: (11) 3874-5366 ou 3821-2199<\/p>\n","protected":false},"excerpt":{"rendered":"<p>As Centrais Sindicais promovem, em 12 de novembro, a Plen\u00e1ria Sindical em Defesa da Previd\u00eancia e Seguridade Social. O evento divulgar\u00e1 os Princ\u00edpios gerais para a Previd\u00eancia e Seguridade Social. A atividade ser\u00e1 realizada no Audit\u00f3rio da Escola Dieese de Ci\u00eancias do Trabalho, em S\u00e3o Paulo, das 9h \u00e0s 12h. Os Princ\u00edpios foram elaborados, consensualmente, entre as Centrais e apresentam [&hellip;]<\/p>\n","protected":false},"author":27,"featured_media":0,"comment_status":"open","ping_status":"closed","sticky":false,"template":"","format":"standard","meta":{"footnotes":""},"categories":[2719],"tags":[1101,1201,2026,6751,256,549,4634],"class_list":["post-10952","post","type-post","status-publish","format-standard","hentry","category-servidor","tag-centrais-sindicais","tag-defesa","tag-dieese","tag-monitoramento","tag-plenaria","tag-previdencia","tag-seguridade"],"_links":{"self":[{"href":"https:\/\/blogs.correiobraziliense.com.br\/servidor\/wp-json\/wp\/v2\/posts\/10952","targetHints":{"allow":["GET"]}}],"collection":[{"href":"https:\/\/blogs.correiobraziliense.com.br\/servidor\/wp-json\/wp\/v2\/posts"}],"about":[{"href":"https:\/\/blogs.correiobraziliense.com.br\/servidor\/wp-json\/wp\/v2\/types\/post"}],"author":[{"embeddable":true,"href":"https:\/\/blogs.correiobraziliense.com.br\/servidor\/wp-json\/wp\/v2\/users\/27"}],"replies":[{"embeddable":true,"href":"https:\/\/blogs.correiobraziliense.com.br\/servidor\/wp-json\/wp\/v2\/comments?post=10952"}],"version-history":[{"count":1,"href":"https:\/\/blogs.correiobraziliense.com.br\/servidor\/wp-json\/wp\/v2\/posts\/10952\/revisions"}],"predecessor-version":[{"id":10953,"href":"https:\/\/blogs.correiobraziliense.com.br\/servidor\/wp-json\/wp\/v2\/posts\/10952\/revisions\/10953"}],"wp:attachment":[{"href":"https:\/\/blogs.correiobraziliense.com.br\/servidor\/wp-json\/wp\/v2\/media?parent=10952"}],"wp:term":[{"taxonomy":"category","embeddable":true,"href":"https:\/\/blogs.correiobraziliense.com.br\/servidor\/wp-json\/wp\/v2\/categories?post=10952"},{"taxonomy":"post_tag","embeddable":true,"href":"https:\/\/blogs.correiobraziliense.com.br\/servidor\/wp-json\/wp\/v2\/tags?post=10952"}],"curies":[{"name":"wp","href":"https:\/\/api.w.org\/{rel}","templated":true}]}}