{"id":10944,"date":"2018-11-09T11:49:36","date_gmt":"2018-11-09T13:49:36","guid":{"rendered":"https:\/\/blogs.correiobraziliense.com.br\/servidor\/?p=10944"},"modified":"2018-11-09T11:49:36","modified_gmt":"2018-11-09T13:49:36","slug":"tarifas-postais-sao-reajustadas-apos-autorizacao-do-mctic","status":"publish","type":"post","link":"https:\/\/blogs.correiobraziliense.com.br\/servidor\/tarifas-postais-sao-reajustadas-apos-autorizacao-do-mctic\/","title":{"rendered":"Tarifas postais s\u00e3o reajustadas ap\u00f3s autoriza\u00e7\u00e3o do MCTIC"},"content":{"rendered":"<p><em>O Minist\u00e9rio da Ci\u00eancia, Tecnologia, Inova\u00e7\u00f5es e Comunica\u00e7\u00f5es (MCTIC) publicou nesta sexta-feira (9), no Di\u00e1rio Oficial da Uni\u00e3o, a Portaria n\u00ba 5.736, que autoriza o reajuste nas tarifas dos servi\u00e7os postais prestados em regime de exclusividade pelos Correios<\/em><\/p>\n<p>A corre\u00e7\u00e3o m\u00e9dia para este ano \u00e9 de 5,99% para servi\u00e7os nacionais e internacionais. O primeiro porte da Carta Comercial, por exemplo, ter\u00e1 seu valor atualizado de R$ 1,85 para R$ 1,95, j\u00e1 a Carta N\u00e3o Comercial passar\u00e1 de R$ 1,25 para R$ 1,30. No caso de Telegrama Nacional redigido pela internet, a nova tarifa \u00e9 de R$ 8,15 por p\u00e1gina \u2013 antes, a tarifa vigente era de R$ 7,69.<\/p>\n<p>O reajuste, em conformidade com o disposto na Portaria do Minist\u00e9rio da Fazenda n\u00ba 386, de 31\/8\/2018, que regulamenta o processo de reajuste das tarifas postais, considerou o IPCA acumulado entre fevereiro de 2017 e setembro de 2018, destacou os Correios.<\/p>\n<p>As novas tarifas n\u00e3o se aplicam aos segmentos de encomendas e marketing, que s\u00e3o concorrenciais.<\/p>\n","protected":false},"excerpt":{"rendered":"<p>O Minist\u00e9rio da Ci\u00eancia, Tecnologia, Inova\u00e7\u00f5es e Comunica\u00e7\u00f5es (MCTIC) publicou nesta sexta-feira (9), no Di\u00e1rio Oficial da Uni\u00e3o, a Portaria n\u00ba 5.736, que autoriza o reajuste nas tarifas dos servi\u00e7os postais prestados em regime de exclusividade pelos Correios A corre\u00e7\u00e3o m\u00e9dia para este ano \u00e9 de 5,99% para servi\u00e7os nacionais e internacionais. O primeiro porte da Carta Comercial, por exemplo, [&hellip;]<\/p>\n","protected":false},"author":27,"featured_media":0,"comment_status":"open","ping_status":"closed","sticky":false,"template":"","format":"standard","meta":{"footnotes":""},"categories":[2719],"tags":[20,1769,9531,5962,13878,5961],"class_list":["post-10944","post","type-post","status-publish","format-standard","hentry","category-servidor","tag-correios","tag-dou","tag-mctic","tag-postais","tag-reajustadas","tag-tarifas"],"_links":{"self":[{"href":"https:\/\/blogs.correiobraziliense.com.br\/servidor\/wp-json\/wp\/v2\/posts\/10944","targetHints":{"allow":["GET"]}}],"collection":[{"href":"https:\/\/blogs.correiobraziliense.com.br\/servidor\/wp-json\/wp\/v2\/posts"}],"about":[{"href":"https:\/\/blogs.correiobraziliense.com.br\/servidor\/wp-json\/wp\/v2\/types\/post"}],"author":[{"embeddable":true,"href":"https:\/\/blogs.correiobraziliense.com.br\/servidor\/wp-json\/wp\/v2\/users\/27"}],"replies":[{"embeddable":true,"href":"https:\/\/blogs.correiobraziliense.com.br\/servidor\/wp-json\/wp\/v2\/comments?post=10944"}],"version-history":[{"count":1,"href":"https:\/\/blogs.correiobraziliense.com.br\/servidor\/wp-json\/wp\/v2\/posts\/10944\/revisions"}],"predecessor-version":[{"id":10945,"href":"https:\/\/blogs.correiobraziliense.com.br\/servidor\/wp-json\/wp\/v2\/posts\/10944\/revisions\/10945"}],"wp:attachment":[{"href":"https:\/\/blogs.correiobraziliense.com.br\/servidor\/wp-json\/wp\/v2\/media?parent=10944"}],"wp:term":[{"taxonomy":"category","embeddable":true,"href":"https:\/\/blogs.correiobraziliense.com.br\/servidor\/wp-json\/wp\/v2\/categories?post=10944"},{"taxonomy":"post_tag","embeddable":true,"href":"https:\/\/blogs.correiobraziliense.com.br\/servidor\/wp-json\/wp\/v2\/tags?post=10944"}],"curies":[{"name":"wp","href":"https:\/\/api.w.org\/{rel}","templated":true}]}}