{"id":1093,"date":"2016-02-25T16:44:32","date_gmt":"2016-02-25T19:44:32","guid":{"rendered":"https:\/\/blogs.correiobraziliense.com.br\/servidor\/?p=1093"},"modified":"2016-02-25T16:44:32","modified_gmt":"2016-02-25T19:44:32","slug":"vereadores-faltosos-condenados-a-ressarcir-cofres-publicos","status":"publish","type":"post","link":"https:\/\/blogs.correiobraziliense.com.br\/servidor\/vereadores-faltosos-condenados-a-ressarcir-cofres-publicos\/","title":{"rendered":"VEREADORES FALTOSOS CONDENADOS A RESSARCIR COFRES P\u00daBLICOS"},"content":{"rendered":"<p>A Segunda Turma do Tribunal Superior de Justi\u00e7a (STJ) manteve a condena\u00e7\u00e3o a um grupo de 17 vereadores do munic\u00edpio de Assis (SP) que deixou de participar das plen\u00e1rias da C\u00e2mara de Vereadores e foi condenado a restituir aos cofres p\u00fablicos os pagamentos relativos aos dias n\u00e3o trabalhados.<\/p>\n<p>De acordo com a\u00e7\u00e3o civil p\u00fablica do Minist\u00e9rio P\u00fablico de S\u00e3o Paulo, os vereadores n\u00e3o compareceram a v\u00e1rias sess\u00f5es ordin\u00e1rias e extraordin\u00e1rias durante o ano legislativo de 1996. Entretanto, o presidente da casa legislativa n\u00e3o efetuou o desconto proporcional dos subs\u00eddios dos parlamentares. Al\u00e9m do pedido de ressarcimento, o MP\/SP requereu a condena\u00e7\u00e3o por danos morais no valor de R$ 10 mil para cada um dos parlamentares.<\/p>\n<p>Na primeira inst\u00e2ncia, os vereadores foram condenados ao pagamento dos valores recebidos sem o comparecimento \u00e0s sess\u00f5es, mas a senten\u00e7a afastou a indeniza\u00e7\u00e3o por danos morais. A decis\u00e3o foi mantida integralmente na segunda inst\u00e2ncia.<\/p>\n","protected":false},"excerpt":{"rendered":"<p>A Segunda Turma do Tribunal Superior de Justi\u00e7a (STJ) manteve a condena\u00e7\u00e3o a um grupo de 17 vereadores do munic\u00edpio de Assis (SP) que deixou de participar das plen\u00e1rias da C\u00e2mara de Vereadores e foi condenado a restituir aos cofres p\u00fablicos os pagamentos relativos aos dias n\u00e3o trabalhados. De acordo com a\u00e7\u00e3o civil p\u00fablica do Minist\u00e9rio P\u00fablico de S\u00e3o Paulo, [&hellip;]<\/p>\n","protected":false},"author":27,"featured_media":0,"comment_status":"open","ping_status":"closed","sticky":false,"template":"","format":"standard","meta":{"footnotes":""},"categories":[1],"tags":[1051,1049,1052,1048,1037,1050,1047],"class_list":["post-1093","post","type-post","status-publish","format-standard","hentry","category-sem-categoria","tag-cofres-publicos","tag-condenados","tag-danos-morais","tag-faltosos","tag-indenizacao","tag-ressarcir","tag-vereadores"],"_links":{"self":[{"href":"https:\/\/blogs.correiobraziliense.com.br\/servidor\/wp-json\/wp\/v2\/posts\/1093","targetHints":{"allow":["GET"]}}],"collection":[{"href":"https:\/\/blogs.correiobraziliense.com.br\/servidor\/wp-json\/wp\/v2\/posts"}],"about":[{"href":"https:\/\/blogs.correiobraziliense.com.br\/servidor\/wp-json\/wp\/v2\/types\/post"}],"author":[{"embeddable":true,"href":"https:\/\/blogs.correiobraziliense.com.br\/servidor\/wp-json\/wp\/v2\/users\/27"}],"replies":[{"embeddable":true,"href":"https:\/\/blogs.correiobraziliense.com.br\/servidor\/wp-json\/wp\/v2\/comments?post=1093"}],"version-history":[{"count":1,"href":"https:\/\/blogs.correiobraziliense.com.br\/servidor\/wp-json\/wp\/v2\/posts\/1093\/revisions"}],"predecessor-version":[{"id":1094,"href":"https:\/\/blogs.correiobraziliense.com.br\/servidor\/wp-json\/wp\/v2\/posts\/1093\/revisions\/1094"}],"wp:attachment":[{"href":"https:\/\/blogs.correiobraziliense.com.br\/servidor\/wp-json\/wp\/v2\/media?parent=1093"}],"wp:term":[{"taxonomy":"category","embeddable":true,"href":"https:\/\/blogs.correiobraziliense.com.br\/servidor\/wp-json\/wp\/v2\/categories?post=1093"},{"taxonomy":"post_tag","embeddable":true,"href":"https:\/\/blogs.correiobraziliense.com.br\/servidor\/wp-json\/wp\/v2\/tags?post=1093"}],"curies":[{"name":"wp","href":"https:\/\/api.w.org\/{rel}","templated":true}]}}