{"id":10917,"date":"2018-11-08T12:11:25","date_gmt":"2018-11-08T14:11:25","guid":{"rendered":"https:\/\/blogs.correiobraziliense.com.br\/servidor\/?p=10917"},"modified":"2018-11-08T12:11:25","modified_gmt":"2018-11-08T14:11:25","slug":"anamatra-defende-preservacao-do-ministerio-do-trabalho-como-pasta-especifica","status":"publish","type":"post","link":"https:\/\/blogs.correiobraziliense.com.br\/servidor\/anamatra-defende-preservacao-do-ministerio-do-trabalho-como-pasta-especifica\/","title":{"rendered":"Anamatra defende preserva\u00e7\u00e3o do Minist\u00e9rio do Trabalho como pasta espec\u00edfica"},"content":{"rendered":"<p><em>Para Feliciano, poss\u00edvel fus\u00e3o do \u00f3rg\u00e3o a outra pasta ministerial amea\u00e7a pol\u00edticas p\u00fablicas e fiscaliza\u00e7\u00e3o do trabalho<\/em><\/p>\n<p>O presidente da Associa\u00e7\u00e3o Nacional dos Magistrados da Justi\u00e7a do Trabalho (Anamatra), Guilherme Feliciano, comentou, nesta quarta (7\/11), a declara\u00e7\u00e3o feita \u00e0 imprensa pelo presidente da Rep\u00fablica eleito Jair Bolsonaro (PSL) sobre a poss\u00edvel fus\u00e3o do Minist\u00e9rio do Trabalho e Emprego a outra pasta ministerial. Segundo o dirigente, a pasta deveria ser preservada, especialmente pelas suas quase nove d\u00e9cadas de tradi\u00e7\u00e3o e de realiza\u00e7\u00e3o de pol\u00edticas p\u00fablicas.<\/p>\n<p>Feliciano explica que o Minist\u00e9rio do Trabalho \u00e9 uma institui\u00e7\u00e3o que carrega consigo a tradi\u00e7\u00e3o de 88 anos de hist\u00f3ria, sempre protagonizando uma pasta ministerial espec\u00edfica. \u201cComo todos sabemos, o trabalho \u00e9 um valor constitucional referido entre os fundamentos da Rep\u00fablica. O Minist\u00e9rio do Trabalho sempre esteve no eixo de centralidade das pol\u00edticas p\u00fablicas. Perder isso da noite para o dia, se n\u00e3o por outras raz\u00f5es, simbolicamente \u00e9 algo a se lamentar\u201d, observou.<\/p>\n<p>Na avalia\u00e7\u00e3o do presidente da Anamatra, o desmembramento ser\u00e1 p\u00e9ssimo para a continuidade das pol\u00edticas p\u00fablicas que, hoje, est\u00e3o concatenadas. \u201cA fiscaliza\u00e7\u00e3o do trabalho passaria para que \u00f3rg\u00e3o? Para o Minist\u00e9rio da Justi\u00e7a? E os recursos que s\u00e3o geridos pelos conselhos do Fundo de Amparo ao Trabalhador e pelo Fundo de Garantia do Tempo de Servi\u00e7o, que somados s\u00e3o da ordem de aproximadamente R$ 1 trilh\u00e3o, passariam a ser geridos com que finalidade? A partir de que planejamento? A poss\u00edvel divis\u00e3o prejudicar\u00e1 a converg\u00eancia dessas pol\u00edticas\u201d, ponderou. Segundo Guilherme Feliciano, o Minist\u00e9rio do Trabalho atualmente realiza a gest\u00e3o dessas pol\u00edticas com um foco muito claro: fomento \u00e0 empregabilidade e \u00e0s pol\u00edticas p\u00fablicas de cariz social.<\/p>\n<p>Ainda segundo Feliciano, afora as diversas pol\u00edticas p\u00fablicas que est\u00e3o sendo implementadas atualmente e que poderiam restar descontinuadas &#8211; como, por exemplo, o microcr\u00e9dito orientado (da ordem de R$ 200 milh\u00f5es) e a rec\u00e9m-regulamentada verba para capital de giro de micro e pequenas empresas (da ordem de R$ 500 milh\u00f5es) -, projeta-se um poss\u00edvel enfraquecimento da fiscaliza\u00e7\u00e3o do trabalho. \u201cVale lembrar que, at\u00e9 1995, o Brasil se recusava a reconhecer a exist\u00eancia de trabalho escravo no Brasil; depois, n\u00f3s nos tornamos refer\u00eancia para o mundo no combate \u00e0 escravid\u00e3o contempor\u00e2nea. Isso n\u00e3o pode ser perdido\u201d, lembrou.<\/p>\n","protected":false},"excerpt":{"rendered":"<p>Para Feliciano, poss\u00edvel fus\u00e3o do \u00f3rg\u00e3o a outra pasta ministerial amea\u00e7a pol\u00edticas p\u00fablicas e fiscaliza\u00e7\u00e3o do trabalho O presidente da Associa\u00e7\u00e3o Nacional dos Magistrados da Justi\u00e7a do Trabalho (Anamatra), Guilherme Feliciano, comentou, nesta quarta (7\/11), a declara\u00e7\u00e3o feita \u00e0 imprensa pelo presidente da Rep\u00fablica eleito Jair Bolsonaro (PSL) sobre a poss\u00edvel fus\u00e3o do Minist\u00e9rio do Trabalho e Emprego a outra [&hellip;]<\/p>\n","protected":false},"author":27,"featured_media":0,"comment_status":"open","ping_status":"closed","sticky":false,"template":"","format":"standard","meta":{"footnotes":""},"categories":[2719],"tags":[1408,7084,1912,685,940,5346,13862,2841,8293,10851],"class_list":["post-10917","post","type-post","status-publish","format-standard","hentry","category-servidor","tag-anamatra","tag-especifica","tag-fat","tag-fgts","tag-fiscalizacao","tag-fusao","tag-ministerial","tag-ministerio-do-trabalho","tag-pasta","tag-politicas-publicas"],"_links":{"self":[{"href":"https:\/\/blogs.correiobraziliense.com.br\/servidor\/wp-json\/wp\/v2\/posts\/10917","targetHints":{"allow":["GET"]}}],"collection":[{"href":"https:\/\/blogs.correiobraziliense.com.br\/servidor\/wp-json\/wp\/v2\/posts"}],"about":[{"href":"https:\/\/blogs.correiobraziliense.com.br\/servidor\/wp-json\/wp\/v2\/types\/post"}],"author":[{"embeddable":true,"href":"https:\/\/blogs.correiobraziliense.com.br\/servidor\/wp-json\/wp\/v2\/users\/27"}],"replies":[{"embeddable":true,"href":"https:\/\/blogs.correiobraziliense.com.br\/servidor\/wp-json\/wp\/v2\/comments?post=10917"}],"version-history":[{"count":1,"href":"https:\/\/blogs.correiobraziliense.com.br\/servidor\/wp-json\/wp\/v2\/posts\/10917\/revisions"}],"predecessor-version":[{"id":10918,"href":"https:\/\/blogs.correiobraziliense.com.br\/servidor\/wp-json\/wp\/v2\/posts\/10917\/revisions\/10918"}],"wp:attachment":[{"href":"https:\/\/blogs.correiobraziliense.com.br\/servidor\/wp-json\/wp\/v2\/media?parent=10917"}],"wp:term":[{"taxonomy":"category","embeddable":true,"href":"https:\/\/blogs.correiobraziliense.com.br\/servidor\/wp-json\/wp\/v2\/categories?post=10917"},{"taxonomy":"post_tag","embeddable":true,"href":"https:\/\/blogs.correiobraziliense.com.br\/servidor\/wp-json\/wp\/v2\/tags?post=10917"}],"curies":[{"name":"wp","href":"https:\/\/api.w.org\/{rel}","templated":true}]}}