{"id":10915,"date":"2018-11-08T12:01:24","date_gmt":"2018-11-08T14:01:24","guid":{"rendered":"https:\/\/blogs.correiobraziliense.com.br\/servidor\/?p=10915"},"modified":"2018-11-08T14:15:39","modified_gmt":"2018-11-08T16:15:39","slug":"lista-triplice-para-agu-e-definida-pelas-carreiras-da-advocacia-publica-federal","status":"publish","type":"post","link":"https:\/\/blogs.correiobraziliense.com.br\/servidor\/lista-triplice-para-agu-e-definida-pelas-carreiras-da-advocacia-publica-federal\/","title":{"rendered":"Lista tr\u00edplice para AGU \u00e9 definida pelas carreiras da Advocacia P\u00fablica Federal"},"content":{"rendered":"<p><em>A lista tr\u00edplice com os nomes indicados ao cargo de chefe da Advocacia- Geral da Uni\u00e3o (AGU) acaba de ser publicada pelo F\u00f3rum Nacional da Advocacia P\u00fablica Federal \u2013 que abrange as carreiras de procuradores da Fazenda Nacional, advogados da Uni\u00e3o e procuradores Federais<\/em><\/p>\n<p>O resultado da \u00faltima fase de vota\u00e7\u00e3o, divulgado nesta quinta-feira (8), traz os nomes de Fabr\u00edcio Da Soller, procurador da Fazenda Nacional, Izabel Vinchon Nogueira de Andrade, advogada da Uni\u00e3o, e S\u00e9rgio Bueno, procurador Federal, como os tr\u00eas mais votados de cada carreira. A lista tr\u00edplice ser\u00e1 entregue ao presidente da Rep\u00fablica eleito, Jair Bolsonaro.<\/p>\n<p>A nomea\u00e7\u00e3o do advogado-geral da Uni\u00e3o \u00e9 atribui\u00e7\u00e3o exclusiva do presidente da Rep\u00fablica. De acordo com a Constitui\u00e7\u00e3o Federal, o chefe do Executivo pode escolher qualquer cidad\u00e3o para comandar a Advocacia-Geral da Uni\u00e3o. O candidato, no entanto, deve ter acima de 35 anos, not\u00e1vel saber jur\u00eddico e reputa\u00e7\u00e3o ilibada. O novo AGU atuar\u00e1 no exerc\u00edcio que se inicia em janeiro de 2019.<\/p>\n<p>A expectativa dos membros das carreiras \u00e9 a de que Bolsonaro indique um dos nomes constantes na lista tr\u00edplice. \u201cO trabalho do AGU deve ser pautado pela independ\u00eancia t\u00e9cnica. Qualquer um dos nomes que comp\u00f5em a lista possui predicados para chefiar a institui\u00e7\u00e3o, pois disp\u00f5e de vasta experi\u00eancia na \u00e1rea jur\u00eddica e capacidade t\u00e9cnica para atuar, representar e defender os interesses da Uni\u00e3o\u201d, ressalta Achilles Frias, presidente do F\u00f3rum Nacional da Advocacia P\u00fablica Federal.<\/p>\n","protected":false},"excerpt":{"rendered":"<p>A lista tr\u00edplice com os nomes indicados ao cargo de chefe da Advocacia- Geral da Uni\u00e3o (AGU) acaba de ser publicada pelo F\u00f3rum Nacional da Advocacia P\u00fablica Federal \u2013 que abrange as carreiras de procuradores da Fazenda Nacional, advogados da Uni\u00e3o e procuradores Federais O resultado da \u00faltima fase de vota\u00e7\u00e3o, divulgado nesta quinta-feira (8), traz os nomes de Fabr\u00edcio [&hellip;]<\/p>\n","protected":false},"author":27,"featured_media":0,"comment_status":"open","ping_status":"closed","sticky":false,"template":"","format":"standard","meta":{"footnotes":""},"categories":[2719],"tags":[13861,265,157,55,2584,5564,764,5166,1235],"class_list":["post-10915","post","type-post","status-publish","format-standard","hentry","category-servidor","tag-advocacia-publica-federal","tag-advogados","tag-agu","tag-carreiras","tag-constituicao","tag-indicados","tag-lista-triplice","tag-presidente-da-republica","tag-procuradores"],"_links":{"self":[{"href":"https:\/\/blogs.correiobraziliense.com.br\/servidor\/wp-json\/wp\/v2\/posts\/10915","targetHints":{"allow":["GET"]}}],"collection":[{"href":"https:\/\/blogs.correiobraziliense.com.br\/servidor\/wp-json\/wp\/v2\/posts"}],"about":[{"href":"https:\/\/blogs.correiobraziliense.com.br\/servidor\/wp-json\/wp\/v2\/types\/post"}],"author":[{"embeddable":true,"href":"https:\/\/blogs.correiobraziliense.com.br\/servidor\/wp-json\/wp\/v2\/users\/27"}],"replies":[{"embeddable":true,"href":"https:\/\/blogs.correiobraziliense.com.br\/servidor\/wp-json\/wp\/v2\/comments?post=10915"}],"version-history":[{"count":3,"href":"https:\/\/blogs.correiobraziliense.com.br\/servidor\/wp-json\/wp\/v2\/posts\/10915\/revisions"}],"predecessor-version":[{"id":10922,"href":"https:\/\/blogs.correiobraziliense.com.br\/servidor\/wp-json\/wp\/v2\/posts\/10915\/revisions\/10922"}],"wp:attachment":[{"href":"https:\/\/blogs.correiobraziliense.com.br\/servidor\/wp-json\/wp\/v2\/media?parent=10915"}],"wp:term":[{"taxonomy":"category","embeddable":true,"href":"https:\/\/blogs.correiobraziliense.com.br\/servidor\/wp-json\/wp\/v2\/categories?post=10915"},{"taxonomy":"post_tag","embeddable":true,"href":"https:\/\/blogs.correiobraziliense.com.br\/servidor\/wp-json\/wp\/v2\/tags?post=10915"}],"curies":[{"name":"wp","href":"https:\/\/api.w.org\/{rel}","templated":true}]}}