{"id":10885,"date":"2018-11-04T19:31:14","date_gmt":"2018-11-04T21:31:14","guid":{"rendered":"https:\/\/blogs.correiobraziliense.com.br\/servidor\/?p=10885"},"modified":"2018-11-04T19:31:14","modified_gmt":"2018-11-04T21:31:14","slug":"dependencia-afeta-profundamente-as-mulheres","status":"publish","type":"post","link":"https:\/\/blogs.correiobraziliense.com.br\/servidor\/dependencia-afeta-profundamente-as-mulheres\/","title":{"rendered":"Depend\u00eancia afeta profundamente as mulheres"},"content":{"rendered":"<p>A psic\u00f3loga argentina Clara Coria alerta para a necessidade de compreens\u00e3o das quest\u00f5es que afetam profundamente as mulheres. De acordo com o fil\u00f3sofo e economista brit\u00e2nico Stuart Mill, j\u00e1 em 1806, o primeiro e indispens\u00e1vel passo para a emancipa\u00e7\u00e3o das mulheres \u00e9 a educa\u00e7\u00e3o de modo a n\u00e3o necessitarem do pai ou do marido para manter-se, posi\u00e7\u00e3o esta segundo o autor, que em nove entre dez casos as convertem em joguete ou em escravas daquele que as alimenta, e no caso n\u00famero dez, em sua humilde amiga e nada mais.<\/p>\n<p><img loading=\"lazy\" decoding=\"async\" class=\"alignright size-full wp-image-10886\" src=\"https:\/\/blogs.correiobraziliense.com.br\/servidor\/wp-content\/uploads\/sites\/10\/2018\/11\/Alice-Schuch.jpg\" alt=\"\" width=\"120\" height=\"80\" \/><\/p>\n<p>\u201cConv\u00e9m sermos vigilantes porque quanto em nosso interior descobrimos algu\u00e9m que nos freia, somos n\u00f3s que o escolhemos e o queremos, pois ao interno de cada uma a decis\u00e3o \u00e9 pessoal\u201d, explica a doutora e pesquisadora Alice Schuch.<\/p>\n<p>Como refere a obra O Em Si do homem: \u201cse o sujeito n\u00e3o se desenvolve em crescimento, perde a mem\u00f3ria, o tra\u00e7ado e a forma segundo o tipo de priva\u00e7\u00e3o que sofreu em cada sucessiva intera\u00e7\u00e3o que o fez regredir\u201d.<\/p>\n<p>Em sentido positivo, ao aperceber-se de uma presen\u00e7a vital, a intelig\u00eancia feminina deseja e escolhe aquela rela\u00e7\u00e3o para crescer. \u201cEssa \u00e9 a l\u00f3gica da vida: busca um comportamento de permanente adapta\u00e7\u00e3o a cada realidade de contato enriquecedor, \u00fatil e funcional ao pr\u00f3prio devir\u201d, diz Alice.<\/p>\n<p>Como refere Maslow, todo o ser humano porta dentro de si dois conjuntos de for\u00e7as. Um deles apega-se a seguran\u00e7a e a defesa e tende a regredir, temeroso de correr riscos, de colocar em perigo aquilo que j\u00e1 possui, receoso da liberdade e da separa\u00e7\u00e3o. O outro impulsiona para a totalidade, para a individualidade, para a a\u00e7\u00e3o plena e para a confian\u00e7a em rela\u00e7\u00e3o ao mundo externo.<\/p>\n<p>\u201cO igual n\u00e3o existe no mundo da vida, cada uma de n\u00f3s \u00e9 diversa por como se constr\u00f3i. Nascimentos s\u00e3o constantes para aquelas que crescem e realizam. Por isso, investir no pessoal desenvolvimento me torna mais eu, mais real, mais bela e muit\u00edssimo mais feliz. Calma, ma fare subito ou: Calma, mas fa\u00e7a logo!\u201d, sugere Alice Schuch.<\/p>\n","protected":false},"excerpt":{"rendered":"<p>A psic\u00f3loga argentina Clara Coria alerta para a necessidade de compreens\u00e3o das quest\u00f5es que afetam profundamente as mulheres. De acordo com o fil\u00f3sofo e economista brit\u00e2nico Stuart Mill, j\u00e1 em 1806, o primeiro e indispens\u00e1vel passo para a emancipa\u00e7\u00e3o das mulheres \u00e9 a educa\u00e7\u00e3o de modo a n\u00e3o necessitarem do pai ou do marido para manter-se, posi\u00e7\u00e3o esta segundo o [&hellip;]<\/p>\n","protected":false},"author":27,"featured_media":0,"comment_status":"open","ping_status":"closed","sticky":false,"template":"","format":"standard","meta":{"footnotes":""},"categories":[2719],"tags":[13845,1248,6499,48,13843,13844,9443,10617,4895,1263,5909,1153,13842],"class_list":["post-10885","post","type-post","status-publish","format-standard","hentry","category-servidor","tag-amiga","tag-decisao","tag-dependencia","tag-educacao","tag-emancipacao","tag-escravas","tag-humilde","tag-joguete","tag-marido","tag-mulheres","tag-pai","tag-pessoal","tag-psicologa"],"_links":{"self":[{"href":"https:\/\/blogs.correiobraziliense.com.br\/servidor\/wp-json\/wp\/v2\/posts\/10885","targetHints":{"allow":["GET"]}}],"collection":[{"href":"https:\/\/blogs.correiobraziliense.com.br\/servidor\/wp-json\/wp\/v2\/posts"}],"about":[{"href":"https:\/\/blogs.correiobraziliense.com.br\/servidor\/wp-json\/wp\/v2\/types\/post"}],"author":[{"embeddable":true,"href":"https:\/\/blogs.correiobraziliense.com.br\/servidor\/wp-json\/wp\/v2\/users\/27"}],"replies":[{"embeddable":true,"href":"https:\/\/blogs.correiobraziliense.com.br\/servidor\/wp-json\/wp\/v2\/comments?post=10885"}],"version-history":[{"count":1,"href":"https:\/\/blogs.correiobraziliense.com.br\/servidor\/wp-json\/wp\/v2\/posts\/10885\/revisions"}],"predecessor-version":[{"id":10887,"href":"https:\/\/blogs.correiobraziliense.com.br\/servidor\/wp-json\/wp\/v2\/posts\/10885\/revisions\/10887"}],"wp:attachment":[{"href":"https:\/\/blogs.correiobraziliense.com.br\/servidor\/wp-json\/wp\/v2\/media?parent=10885"}],"wp:term":[{"taxonomy":"category","embeddable":true,"href":"https:\/\/blogs.correiobraziliense.com.br\/servidor\/wp-json\/wp\/v2\/categories?post=10885"},{"taxonomy":"post_tag","embeddable":true,"href":"https:\/\/blogs.correiobraziliense.com.br\/servidor\/wp-json\/wp\/v2\/tags?post=10885"}],"curies":[{"name":"wp","href":"https:\/\/api.w.org\/{rel}","templated":true}]}}