{"id":10876,"date":"2018-11-02T22:10:07","date_gmt":"2018-11-03T01:10:07","guid":{"rendered":"https:\/\/blogs.correiobraziliense.com.br\/servidor\/?p=10876"},"modified":"2018-11-02T22:10:07","modified_gmt":"2018-11-03T01:10:07","slug":"anafe-congresso-nacional-dos-advogados-publicos-federais","status":"publish","type":"post","link":"https:\/\/blogs.correiobraziliense.com.br\/servidor\/anafe-congresso-nacional-dos-advogados-publicos-federais\/","title":{"rendered":"Anafe &#8211; Congresso Nacional dos Advogados P\u00fablicos Federais"},"content":{"rendered":"<p><em>O impacto da tecnologia na defesa do Estado brasileiro \u00e9 tema do Terceiro Congresso Nacional dos Advogados P\u00fablicos Federais (Conafe), que acontece em Bras\u00edlia entre os dias 7 e 9 de novembro. Promovido pela Associa\u00e7\u00e3o Nacional dos Advogados P\u00fablicos Federais (Anafe), o Conafe re\u00fane juristas e estudiosos da \u00e1rea de Tecnologia e do Direito de todo o pa\u00eds e do exterior<\/em><\/p>\n<p>Entre os convidados para a edi\u00e7\u00e3o deste ano est\u00e3o dois palestrantes internacionais: o advogado americano Scott B. Reents, e o professor de Direito Constitucional da Universidade de Val\u00eancia, na Espanha, Lorenzo Cotino Hueso. Os estudiosos far\u00e3o um apanhado do trabalho desenvolvido nos Estados Unidos e na Espanha por meio da tecnologia e da intelig\u00eancia artificial.<\/p>\n<p>Reents \u00e9 especialista em E-Discovery, atua com an\u00e1lise de dados e descoberta eletr\u00f4nica, assessorando clientes em abordagens \u200b\u200bpara a preserva\u00e7\u00e3o, coleta, pesquisa e exame de evid\u00eancias digitais, incluindo o uso de tecnologias avan\u00e7adas, como Technology Assisted Review (TAR). O professor Hueso tamb\u00e9m atua nas universidades de Utrech (Holanda) e Virg\u00ednia (Estados Unidos). Ele dirige a Rede www.derechotics.com, e seus \u00faltimos anos destacam-se pela publica\u00e7\u00e3o e coordena\u00e7\u00e3o de monografias e artigos sobre a Lei das Tecnologias da Informa\u00e7\u00e3o e Comunica\u00e7\u00e3o.<\/p>\n<p>Entre os palestrantes brasileiros est\u00e3o confirmados o jurista Lenio Streck; o procurador federal Eduardo Alexandra Lang; o mestre em Direito Privado e consultor Bernardo Menicucci Grossi; a advogada e escritora Patr\u00edcia Peck; e o desembargador Wilson Almeida Benevides, do Tribunal de Justi\u00e7a de Minas Gerais.<\/p>\n<p>A diretora de Integra\u00e7\u00e3o Social da Anafe, Sebastiana Nascimento, destaca que os advogados p\u00fablicos n\u00e3o podem ficar alheios \u00e0s inova\u00e7\u00f5es tecnol\u00f3gicas. \u201cFoi pensando na import\u00e2ncia dos membros da AGU e demais operadores do Direito estarem atentos \u00e0s novas tecnologias que desenvolvemos uma programa\u00e7\u00e3o com essa tem\u00e1tica. Al\u00e9m disso, no Congresso, os colegas poder\u00e3o dialogar sobre assuntos de interesse comum, a fim de tra\u00e7ar metas que permitam o fortalecimento cont\u00ednuo da Advocacia P\u00fablica\u201d, afirma.<\/p>\n<p>De acordo com o presidente da Anafe, Marcelino Rodrigues, o evento deve reunir os membros da Advocacia-Geral da Uni\u00e3o (AGU) e de outras autoridades do mundo jur\u00eddico para debater os impactos do uso da tecnologia sobre o papel da advocacia p\u00fablica federal como engrenagem central para a prote\u00e7\u00e3o do Estado. \u201cEssa \u00e9 mais uma contribui\u00e7\u00e3o da Anafe para efetivos avan\u00e7os na advocacia p\u00fablica nacional, que atua constantemente na defesa do Estado com o intuito de trazer melhorias na prote\u00e7\u00e3o do er\u00e1rio e na garantia dos direitos dos cidad\u00e3os brasileiros.\u201d<\/p>\n<p>Servi\u00e7o:<\/p>\n<p>3\u00ba Congresso Nacional dos Advogados P\u00fablicos Federais (Conafe)<\/p>\n<p>Data: 7 a 9 de novembro<\/p>\n<p>Abertura: 7 de novembro, 19h, no Royal Tulip Hotel, em Bras\u00edlia\/DF<\/p>\n<p>Realiza\u00e7\u00e3o: Associa\u00e7\u00e3o Nacional dos Advogados P\u00fablicos Federais<\/p>\n","protected":false},"excerpt":{"rendered":"<p>O impacto da tecnologia na defesa do Estado brasileiro \u00e9 tema do Terceiro Congresso Nacional dos Advogados P\u00fablicos Federais (Conafe), que acontece em Bras\u00edlia entre os dias 7 e 9 de novembro. Promovido pela Associa\u00e7\u00e3o Nacional dos Advogados P\u00fablicos Federais (Anafe), o Conafe re\u00fane juristas e estudiosos da \u00e1rea de Tecnologia e do Direito de todo o pa\u00eds e do [&hellip;]<\/p>\n","protected":false},"author":27,"featured_media":0,"comment_status":"open","ping_status":"closed","sticky":false,"template":"","format":"standard","meta":{"footnotes":""},"categories":[2719],"tags":[265,1234,1224,5548,13837,167,6696,116,56,3617,7516,59,5547,3579,187,24,4504,3426],"class_list":["post-10876","post","type-post","status-publish","format-standard","hentry","category-servidor","tag-advogados","tag-anafe","tag-analise","tag-artificial","tag-conafe","tag-dados","tag-digitais","tag-direito","tag-estado","tag-estudiosos","tag-evidencias","tag-federais","tag-inteligencia","tag-juristas","tag-pesquisa","tag-publicos","tag-tecnologia","tag-tecnologias"],"_links":{"self":[{"href":"https:\/\/blogs.correiobraziliense.com.br\/servidor\/wp-json\/wp\/v2\/posts\/10876","targetHints":{"allow":["GET"]}}],"collection":[{"href":"https:\/\/blogs.correiobraziliense.com.br\/servidor\/wp-json\/wp\/v2\/posts"}],"about":[{"href":"https:\/\/blogs.correiobraziliense.com.br\/servidor\/wp-json\/wp\/v2\/types\/post"}],"author":[{"embeddable":true,"href":"https:\/\/blogs.correiobraziliense.com.br\/servidor\/wp-json\/wp\/v2\/users\/27"}],"replies":[{"embeddable":true,"href":"https:\/\/blogs.correiobraziliense.com.br\/servidor\/wp-json\/wp\/v2\/comments?post=10876"}],"version-history":[{"count":1,"href":"https:\/\/blogs.correiobraziliense.com.br\/servidor\/wp-json\/wp\/v2\/posts\/10876\/revisions"}],"predecessor-version":[{"id":10877,"href":"https:\/\/blogs.correiobraziliense.com.br\/servidor\/wp-json\/wp\/v2\/posts\/10876\/revisions\/10877"}],"wp:attachment":[{"href":"https:\/\/blogs.correiobraziliense.com.br\/servidor\/wp-json\/wp\/v2\/media?parent=10876"}],"wp:term":[{"taxonomy":"category","embeddable":true,"href":"https:\/\/blogs.correiobraziliense.com.br\/servidor\/wp-json\/wp\/v2\/categories?post=10876"},{"taxonomy":"post_tag","embeddable":true,"href":"https:\/\/blogs.correiobraziliense.com.br\/servidor\/wp-json\/wp\/v2\/tags?post=10876"}],"curies":[{"name":"wp","href":"https:\/\/api.w.org\/{rel}","templated":true}]}}