{"id":10862,"date":"2018-11-01T20:52:01","date_gmt":"2018-11-01T23:52:01","guid":{"rendered":"https:\/\/blogs.correiobraziliense.com.br\/servidor\/?p=10862"},"modified":"2018-11-01T20:52:01","modified_gmt":"2018-11-01T23:52:01","slug":"washington-barbosa-assume-diretoria-na-rede-internacional-de-excelencia-juridica","status":"publish","type":"post","link":"https:\/\/blogs.correiobraziliense.com.br\/servidor\/washington-barbosa-assume-diretoria-na-rede-internacional-de-excelencia-juridica\/","title":{"rendered":"Washington Barbosa assume diretoria na Rede Internacional de Excel\u00eancia Jur\u00eddica"},"content":{"rendered":"<p><em>A posse dos novos diretores ocorrer\u00e1 dia 09 de novembro \u00e1s 19h, durante sess\u00e3o acad\u00eamica e coquetel de confraterniza\u00e7\u00e3o, em Bras\u00edlia<\/em><\/p>\n<p>A Rede Internacional de Excel\u00eancia Jur\u00eddica \u00e9 a uni\u00e3o de profissionais do Direito da Am\u00e9rica do Sul, Europa e \u00c1frica, vinculados pelos valores da \u00e9tica, da ci\u00eancia e dos princ\u00edpios gerais do direito. Veja o hist\u00f3rico de atividades e a representatividade, com juristas de express\u00e3o no mundo, com programa\u00e7\u00e3o de eventos no Brasil e no exterior:<br \/>\nwww.riexdf.com www.leoalves37.wix.com\/ rededeexcelencia.<\/p>\n<p><img loading=\"lazy\" decoding=\"async\" class=\"size-large wp-image-10864 aligncenter\" src=\"https:\/\/blogs.correiobraziliense.com.br\/servidor\/wp-content\/uploads\/sites\/10\/2018\/11\/WhatsApp-Image-2018-10-31-at-16.05.19-767x1024.jpeg\" alt=\"\" width=\"767\" height=\"1024\" srcset=\"https:\/\/blogs.correiobraziliense.com.br\/servidor\/wp-content\/uploads\/sites\/10\/2018\/11\/WhatsApp-Image-2018-10-31-at-16.05.19-767x1024.jpeg 767w, https:\/\/blogs.correiobraziliense.com.br\/servidor\/wp-content\/uploads\/sites\/10\/2018\/11\/WhatsApp-Image-2018-10-31-at-16.05.19-225x300.jpeg 225w, https:\/\/blogs.correiobraziliense.com.br\/servidor\/wp-content\/uploads\/sites\/10\/2018\/11\/WhatsApp-Image-2018-10-31-at-16.05.19-768x1025.jpeg 768w, https:\/\/blogs.correiobraziliense.com.br\/servidor\/wp-content\/uploads\/sites\/10\/2018\/11\/WhatsApp-Image-2018-10-31-at-16.05.19-262x350.jpeg 262w, https:\/\/blogs.correiobraziliense.com.br\/servidor\/wp-content\/uploads\/sites\/10\/2018\/11\/WhatsApp-Image-2018-10-31-at-16.05.19-550x734.jpeg 550w, https:\/\/blogs.correiobraziliense.com.br\/servidor\/wp-content\/uploads\/sites\/10\/2018\/11\/WhatsApp-Image-2018-10-31-at-16.05.19-230x307.jpeg 230w, https:\/\/blogs.correiobraziliense.com.br\/servidor\/wp-content\/uploads\/sites\/10\/2018\/11\/WhatsApp-Image-2018-10-31-at-16.05.19.jpeg 959w\" sizes=\"auto, (max-width: 767px) 100vw, 767px\" \/><\/p>\n","protected":false},"excerpt":{"rendered":"<p>A posse dos novos diretores ocorrer\u00e1 dia 09 de novembro \u00e1s 19h, durante sess\u00e3o acad\u00eamica e coquetel de confraterniza\u00e7\u00e3o, em Bras\u00edlia A Rede Internacional de Excel\u00eancia Jur\u00eddica \u00e9 a uni\u00e3o de profissionais do Direito da Am\u00e9rica do Sul, Europa e \u00c1frica, vinculados pelos valores da \u00e9tica, da ci\u00eancia e dos princ\u00edpios gerais do direito. Veja o hist\u00f3rico de atividades e [&hellip;]<\/p>\n","protected":false},"author":27,"featured_media":0,"comment_status":"open","ping_status":"closed","sticky":false,"template":"","format":"standard","meta":{"footnotes":""},"categories":[2719],"tags":[13835,108,13834,13833],"class_list":["post-10862","post","type-post","status-publish","format-standard","hentry","category-servidor","tag-diretor-de-estudos-em-direito-do-trabalho","tag-diretoria","tag-rede-internacional-de-excelencia-juridica","tag-washington-barbosa"],"_links":{"self":[{"href":"https:\/\/blogs.correiobraziliense.com.br\/servidor\/wp-json\/wp\/v2\/posts\/10862","targetHints":{"allow":["GET"]}}],"collection":[{"href":"https:\/\/blogs.correiobraziliense.com.br\/servidor\/wp-json\/wp\/v2\/posts"}],"about":[{"href":"https:\/\/blogs.correiobraziliense.com.br\/servidor\/wp-json\/wp\/v2\/types\/post"}],"author":[{"embeddable":true,"href":"https:\/\/blogs.correiobraziliense.com.br\/servidor\/wp-json\/wp\/v2\/users\/27"}],"replies":[{"embeddable":true,"href":"https:\/\/blogs.correiobraziliense.com.br\/servidor\/wp-json\/wp\/v2\/comments?post=10862"}],"version-history":[{"count":1,"href":"https:\/\/blogs.correiobraziliense.com.br\/servidor\/wp-json\/wp\/v2\/posts\/10862\/revisions"}],"predecessor-version":[{"id":10865,"href":"https:\/\/blogs.correiobraziliense.com.br\/servidor\/wp-json\/wp\/v2\/posts\/10862\/revisions\/10865"}],"wp:attachment":[{"href":"https:\/\/blogs.correiobraziliense.com.br\/servidor\/wp-json\/wp\/v2\/media?parent=10862"}],"wp:term":[{"taxonomy":"category","embeddable":true,"href":"https:\/\/blogs.correiobraziliense.com.br\/servidor\/wp-json\/wp\/v2\/categories?post=10862"},{"taxonomy":"post_tag","embeddable":true,"href":"https:\/\/blogs.correiobraziliense.com.br\/servidor\/wp-json\/wp\/v2\/tags?post=10862"}],"curies":[{"name":"wp","href":"https:\/\/api.w.org\/{rel}","templated":true}]}}