{"id":10849,"date":"2018-11-01T12:17:26","date_gmt":"2018-11-01T15:17:26","guid":{"rendered":"https:\/\/blogs.correiobraziliense.com.br\/servidor\/?p=10849"},"modified":"2018-11-01T12:17:26","modified_gmt":"2018-11-01T15:17:26","slug":"centrais-sindicais-a-favor-da-previdencia-publica","status":"publish","type":"post","link":"https:\/\/blogs.correiobraziliense.com.br\/servidor\/centrais-sindicais-a-favor-da-previdencia-publica\/","title":{"rendered":"Centrais sindicais a favor da Previd\u00eancia p\u00fablica"},"content":{"rendered":"<p><em>Entidades organizam semin\u00e1rio em 12 de novembro para in\u00edcio da campanha nacional pela Previd\u00eancia universal e alertam sobre o fim da aposentadoria<\/em><\/p>\n<p>Veja a nota:<\/p>\n<p>&#8220;S\u00e3o Paulo, 1\u00ba de novembro de 2018<\/p>\n<p>Reunidas hoje, 1\u00ba de novembro, na sede do DIEESE, em S\u00e3o Paulo, as Centrais\u00a0Sindicais CSB, CSP\/Conlutas, CTB, CUT, For\u00e7a Sindical, Intersindical e Nova Central decidiram:<br \/>\n&#8211; Intensificar a luta contra a proposta da reforma da Previd\u00eancia Social, divulgada\u00a0recentemente pelos meios de comunica\u00e7\u00e3o;<br \/>\n&#8211; Organizar o movimento sindical e os segmentos sociais para esclarecer e alertar a\u00a0sociedade sobre a proposta de fim da aposentadoria;<br \/>\n&#8211; Realizar um semin\u00e1rio, em 12 de novembro, para iniciar a organiza\u00e7\u00e3o da campanha\u00a0nacional sobre a Previd\u00eancia que queremos;<br \/>\n&#8211; Retomar a luta por uma Previd\u00eancia Social p\u00fablica, universal, que acabe com os\u00a0privil\u00e9gios e amplie a prote\u00e7\u00e3o social e os direitos.&#8221;<\/p>\n","protected":false},"excerpt":{"rendered":"<p>Entidades organizam semin\u00e1rio em 12 de novembro para in\u00edcio da campanha nacional pela Previd\u00eancia universal e alertam sobre o fim da aposentadoria Veja a nota: &#8220;S\u00e3o Paulo, 1\u00ba de novembro de 2018 Reunidas hoje, 1\u00ba de novembro, na sede do DIEESE, em S\u00e3o Paulo, as Centrais\u00a0Sindicais CSB, CSP\/Conlutas, CTB, CUT, For\u00e7a Sindical, Intersindical e Nova Central decidiram: &#8211; Intensificar a [&hellip;]<\/p>\n","protected":false},"author":27,"featured_media":0,"comment_status":"open","ping_status":"closed","sticky":false,"template":"","format":"standard","meta":{"footnotes":""},"categories":[2719],"tags":[6,305,1101,549,147,351,10808],"class_list":["post-10849","post","type-post","status-publish","format-standard","hentry","category-servidor","tag-aposentadoria","tag-campanha","tag-centrais-sindicais","tag-previdencia","tag-publica","tag-sociedade","tag-universal"],"_links":{"self":[{"href":"https:\/\/blogs.correiobraziliense.com.br\/servidor\/wp-json\/wp\/v2\/posts\/10849","targetHints":{"allow":["GET"]}}],"collection":[{"href":"https:\/\/blogs.correiobraziliense.com.br\/servidor\/wp-json\/wp\/v2\/posts"}],"about":[{"href":"https:\/\/blogs.correiobraziliense.com.br\/servidor\/wp-json\/wp\/v2\/types\/post"}],"author":[{"embeddable":true,"href":"https:\/\/blogs.correiobraziliense.com.br\/servidor\/wp-json\/wp\/v2\/users\/27"}],"replies":[{"embeddable":true,"href":"https:\/\/blogs.correiobraziliense.com.br\/servidor\/wp-json\/wp\/v2\/comments?post=10849"}],"version-history":[{"count":1,"href":"https:\/\/blogs.correiobraziliense.com.br\/servidor\/wp-json\/wp\/v2\/posts\/10849\/revisions"}],"predecessor-version":[{"id":10850,"href":"https:\/\/blogs.correiobraziliense.com.br\/servidor\/wp-json\/wp\/v2\/posts\/10849\/revisions\/10850"}],"wp:attachment":[{"href":"https:\/\/blogs.correiobraziliense.com.br\/servidor\/wp-json\/wp\/v2\/media?parent=10849"}],"wp:term":[{"taxonomy":"category","embeddable":true,"href":"https:\/\/blogs.correiobraziliense.com.br\/servidor\/wp-json\/wp\/v2\/categories?post=10849"},{"taxonomy":"post_tag","embeddable":true,"href":"https:\/\/blogs.correiobraziliense.com.br\/servidor\/wp-json\/wp\/v2\/tags?post=10849"}],"curies":[{"name":"wp","href":"https:\/\/api.w.org\/{rel}","templated":true}]}}