{"id":10847,"date":"2018-11-01T11:19:27","date_gmt":"2018-11-01T14:19:27","guid":{"rendered":"https:\/\/blogs.correiobraziliense.com.br\/servidor\/?p=10847"},"modified":"2018-11-01T11:19:27","modified_gmt":"2018-11-01T14:19:27","slug":"moro-aceita-convite-de-bolsonaro","status":"publish","type":"post","link":"https:\/\/blogs.correiobraziliense.com.br\/servidor\/moro-aceita-convite-de-bolsonaro\/","title":{"rendered":"Moro aceita convite de Bolsonaro"},"content":{"rendered":"<p>Nota oficial:<\/p>\n<p>&#8220;Fui convidado pelo Sr. Presidente eleito para ser nomeado Ministro da Justi\u00e7a e da Seguran\u00e7a P\u00fablica na pr\u00f3xima gest\u00e3o. Apos reuni\u00e3o pessoal na qual foram discutidas politicas para a pasta, aceitei o honrado convite. Fiz com certo pesar pois terei que abandonar 22 anos de magistratura. No entanto, a pespectiva de implementar uma forte agenda anticorrup\u00e7\u00e3o e anticrime organizado, com respeito a Constitui\u00e7\u00e3o, a lei e aos direitos, levaram-me a tomar esta decis\u00e3o. Na pratica, significa consolidar os avan\u00e7os contra o crime e a corrup\u00e7\u00e3o dos \u00faltimos anos e afastar riscos de retrocessos por um bem maior. A Opera\u00e7\u00e3o Lava Jato seguir\u00e1 em Curitiba com os valorosos ju\u00edzes locais. De todo modo, para evitar controv\u00e9rsias desnecess\u00e1rias, devo desde logo afastar-me de novas audi\u00eancias. Na pr\u00f3xima semana, concederei entrevista coletiva com maiores detalhes.<\/p>\n<p>Curitiba, 01 de novembro de 2018.<\/p>\n<p>Sergio Fernando Moro&#8221;<\/p>\n","protected":false},"excerpt":{"rendered":"<p>Nota oficial: &#8220;Fui convidado pelo Sr. Presidente eleito para ser nomeado Ministro da Justi\u00e7a e da Seguran\u00e7a P\u00fablica na pr\u00f3xima gest\u00e3o. Apos reuni\u00e3o pessoal na qual foram discutidas politicas para a pasta, aceitei o honrado convite. Fiz com certo pesar pois terei que abandonar 22 anos de magistratura. No entanto, a pespectiva de implementar uma forte agenda anticorrup\u00e7\u00e3o e anticrime [&hellip;]<\/p>\n","protected":false},"author":27,"featured_media":0,"comment_status":"open","ping_status":"closed","sticky":false,"template":"","format":"standard","meta":{"footnotes":""},"categories":[2719],"tags":[3360,13827,2584,315,13649,2323,1098,8054,13826,5761,1399],"class_list":["post-10847","post","type-post","status-publish","format-standard","hentry","category-servidor","tag-anticorrupcao","tag-anticrime","tag-constituicao","tag-gestao","tag-jair-bolsonaro","tag-magistratura","tag-ministro-da-justica","tag-organizado","tag-presidente-eleito","tag-seguranca-publica","tag-sergio-moro"],"_links":{"self":[{"href":"https:\/\/blogs.correiobraziliense.com.br\/servidor\/wp-json\/wp\/v2\/posts\/10847","targetHints":{"allow":["GET"]}}],"collection":[{"href":"https:\/\/blogs.correiobraziliense.com.br\/servidor\/wp-json\/wp\/v2\/posts"}],"about":[{"href":"https:\/\/blogs.correiobraziliense.com.br\/servidor\/wp-json\/wp\/v2\/types\/post"}],"author":[{"embeddable":true,"href":"https:\/\/blogs.correiobraziliense.com.br\/servidor\/wp-json\/wp\/v2\/users\/27"}],"replies":[{"embeddable":true,"href":"https:\/\/blogs.correiobraziliense.com.br\/servidor\/wp-json\/wp\/v2\/comments?post=10847"}],"version-history":[{"count":1,"href":"https:\/\/blogs.correiobraziliense.com.br\/servidor\/wp-json\/wp\/v2\/posts\/10847\/revisions"}],"predecessor-version":[{"id":10848,"href":"https:\/\/blogs.correiobraziliense.com.br\/servidor\/wp-json\/wp\/v2\/posts\/10847\/revisions\/10848"}],"wp:attachment":[{"href":"https:\/\/blogs.correiobraziliense.com.br\/servidor\/wp-json\/wp\/v2\/media?parent=10847"}],"wp:term":[{"taxonomy":"category","embeddable":true,"href":"https:\/\/blogs.correiobraziliense.com.br\/servidor\/wp-json\/wp\/v2\/categories?post=10847"},{"taxonomy":"post_tag","embeddable":true,"href":"https:\/\/blogs.correiobraziliense.com.br\/servidor\/wp-json\/wp\/v2\/tags?post=10847"}],"curies":[{"name":"wp","href":"https:\/\/api.w.org\/{rel}","templated":true}]}}