{"id":10845,"date":"2018-11-01T11:11:38","date_gmt":"2018-11-01T14:11:38","guid":{"rendered":"https:\/\/blogs.correiobraziliense.com.br\/servidor\/?p=10845"},"modified":"2018-11-01T11:11:38","modified_gmt":"2018-11-01T14:11:38","slug":"sindifisco-nacional-unir-fazenda-planejamento-e-industria-preocupa","status":"publish","type":"post","link":"https:\/\/blogs.correiobraziliense.com.br\/servidor\/sindifisco-nacional-unir-fazenda-planejamento-e-industria-preocupa\/","title":{"rendered":"Sindifisco Nacional: unir Fazenda, Planejamento e Ind\u00fastria preocupa"},"content":{"rendered":"<p><em>De acordo com a entidade, o superminsit\u00e9rio proposto pelo presidente eleito abre possibilidade para conflito de interesses nas compet\u00eancias e concentra muito poder em um \u00fanico ministro. &#8220;Enxugar gastos \u00e9 preciso, mas n\u00e3o de qualquer forma e nem a qualquer custo. Um colapso no funcionamento da Receita Federal, por exemplo, poderia trazer preju\u00edzos \u00e0 arrecada\u00e7\u00e3o, ao combate \u00e0 corrup\u00e7\u00e3o, \u00e0 sonega\u00e7\u00e3o, ao contrabando e ao descaminho&#8221;, destaca a nota.<\/em><\/p>\n<p>Veja a nota:<\/p>\n<p>&#8220;O Sindicato Nacional dos Auditores-Fiscais da Receita Federal v\u00ea com muita cautela a fus\u00e3o dos atuais minist\u00e9rios da Fazenda, do Planejamento e da Ind\u00fastria e Com\u00e9rcio numa \u00fanica pasta, a da Economia, a ser comandada pelo economista Paulo Guedes, no futuro governo de Jair Bolsonaro.<\/p>\n<p>Para o Sindifisco Nacional, a proposta de fus\u00e3o de tr\u00eas minist\u00e9rios de tamanha envergadura causa receio e estranhamento. Seja pela magnitude da \u00e1rea de abrang\u00eancia do novo minist\u00e9rio; seja pela possibilidade de conflito de interesses nas compet\u00eancias; e pela concentra\u00e7\u00e3o de tanto poder em um \u00fanico ministro.<\/p>\n<p>Enxugar gastos \u00e9 preciso, mas n\u00e3o de qualquer forma e nem a qualquer custo. Um colapso no funcionamento da Receita Federal, por exemplo, poderia trazer preju\u00edzos \u00e0 arrecada\u00e7\u00e3o, ao combate \u00e0 corrup\u00e7\u00e3o, \u00e0 sonega\u00e7\u00e3o, ao contrabando e ao descaminho.<\/p>\n<p>O Sindifisco Nacional se mant\u00e9m vigilante, acompanhando as medidas anunciadas e pronto a prestar aux\u00edlio naquilo que for bom para a Receita e para a sociedade. Adverte, por\u00e9m, que se manter\u00e1 firme na defesa dos Auditores-Fiscais, no caso de eventuais tentativas de ataques \u00e0 sua autoridade e miss\u00e3o institucional.<\/p>\n<p>Sindicato Nacional dos Auditores-Fiscais da Receita Federal \u2013 Sindifisco Nacional&#8221;<\/p>\n","protected":false},"excerpt":{"rendered":"<p>De acordo com a entidade, o superminsit\u00e9rio proposto pelo presidente eleito abre possibilidade para conflito de interesses nas compet\u00eancias e concentra muito poder em um \u00fanico ministro. &#8220;Enxugar gastos \u00e9 preciso, mas n\u00e3o de qualquer forma e nem a qualquer custo. Um colapso no funcionamento da Receita Federal, por exemplo, poderia trazer preju\u00edzos \u00e0 arrecada\u00e7\u00e3o, ao combate \u00e0 corrup\u00e7\u00e3o, \u00e0 [&hellip;]<\/p>\n","protected":false},"author":27,"featured_media":0,"comment_status":"open","ping_status":"closed","sticky":false,"template":"","format":"standard","meta":{"footnotes":""},"categories":[2719],"tags":[946,8419,5412,205,2116,5413,302,1169,1495,1680,3,2216,294,163,1750,13825],"class_list":["post-10845","post","type-post","status-publish","format-standard","hentry","category-servidor","tag-arrecadacao","tag-conflito","tag-contrabando","tag-corrupcao","tag-custo","tag-descaminho","tag-fazenda","tag-gastos","tag-industria","tag-interesses","tag-planejamento","tag-poder","tag-receita-federal","tag-sindifisco-nacional","tag-sonegacao","tag-superministerio"],"_links":{"self":[{"href":"https:\/\/blogs.correiobraziliense.com.br\/servidor\/wp-json\/wp\/v2\/posts\/10845","targetHints":{"allow":["GET"]}}],"collection":[{"href":"https:\/\/blogs.correiobraziliense.com.br\/servidor\/wp-json\/wp\/v2\/posts"}],"about":[{"href":"https:\/\/blogs.correiobraziliense.com.br\/servidor\/wp-json\/wp\/v2\/types\/post"}],"author":[{"embeddable":true,"href":"https:\/\/blogs.correiobraziliense.com.br\/servidor\/wp-json\/wp\/v2\/users\/27"}],"replies":[{"embeddable":true,"href":"https:\/\/blogs.correiobraziliense.com.br\/servidor\/wp-json\/wp\/v2\/comments?post=10845"}],"version-history":[{"count":1,"href":"https:\/\/blogs.correiobraziliense.com.br\/servidor\/wp-json\/wp\/v2\/posts\/10845\/revisions"}],"predecessor-version":[{"id":10846,"href":"https:\/\/blogs.correiobraziliense.com.br\/servidor\/wp-json\/wp\/v2\/posts\/10845\/revisions\/10846"}],"wp:attachment":[{"href":"https:\/\/blogs.correiobraziliense.com.br\/servidor\/wp-json\/wp\/v2\/media?parent=10845"}],"wp:term":[{"taxonomy":"category","embeddable":true,"href":"https:\/\/blogs.correiobraziliense.com.br\/servidor\/wp-json\/wp\/v2\/categories?post=10845"},{"taxonomy":"post_tag","embeddable":true,"href":"https:\/\/blogs.correiobraziliense.com.br\/servidor\/wp-json\/wp\/v2\/tags?post=10845"}],"curies":[{"name":"wp","href":"https:\/\/api.w.org\/{rel}","templated":true}]}}