{"id":10843,"date":"2018-10-31T19:13:57","date_gmt":"2018-10-31T22:13:57","guid":{"rendered":"https:\/\/blogs.correiobraziliense.com.br\/servidor\/?p=10843"},"modified":"2018-10-31T19:13:57","modified_gmt":"2018-10-31T22:13:57","slug":"cnj-abre-consulta-publica-sobre-metas-do-judiciario-para-2019","status":"publish","type":"post","link":"https:\/\/blogs.correiobraziliense.com.br\/servidor\/cnj-abre-consulta-publica-sobre-metas-do-judiciario-para-2019\/","title":{"rendered":"CNJ abre consulta p\u00fablica sobre Metas do Judici\u00e1rio para 2019"},"content":{"rendered":"<p>Foi aberta consulta p\u00fablica para avaliar as metas nacionais do Judici\u00e1rio para 2019. \u00c9 o segundo ano em que o Conselho Nacional de Justi\u00e7a (CNJ) colhe sugest\u00f5es. Qualquer cidad\u00e3o pode opinar por meio de formul\u00e1rio acess\u00edvel\u00a0<a href=\"http:\/\/www.cnj.jus.br\/poder-judiciario\/consultas-publicas\/proposta-de-metas-nacionais-do-poder-judiciario-para-2019?acm=245707_11465\" target=\"_blank\" rel=\"alternate noopener\">neste link<\/a>\u00a0pelos pr\u00f3ximos dez dias. A pesquisa inova ao buscar saber, pela primeira vez, tema seria importante tamb\u00e9m para 2020.<\/p>\n<p>Pode opinar sobre as metas dos cinco ramos de Justi\u00e7a \u00a0&#8211; estadual, federal, do trabalho, eleitoral e militar \u2013 em question\u00e1rio \u00fanico ou um segmento por vez. Outras duas p\u00e1ginas trazem as propostas do Superior Tribunal de Justi\u00e7a (STJ) e do Tribunal Superior do Trabalho (TST). Nada impede que sejam avaliados todos os ramos e ambos os tribunais, ou apenas algum deles.<\/p>\n<p>As perguntas admitem resposta de sim ou n\u00e3o, ajustes de percentual ou do prazo de refer\u00eancia, conforme a meta. Presente em todos os formul\u00e1rios, o item sobre o tema a ser destacado em 2020 \u00e9 o \u00faltimo e facultativo.<\/p>\n<p>Cada ramo prop\u00f4s objetivos pr\u00f3prios na Reuni\u00e3o Preparat\u00f3ria do XII Encontro Nacional do Judici\u00e1rio, de 27 a 28 de agosto. O CNJ, ent\u00e3o, consolidou-os nas propostas agora trazidas ao p\u00fablico. Durante o Encontro Nacional, de 3 a 4 de dezembro, os presidentes dos tribunais votar\u00e3o as metas finais, como nas edi\u00e7\u00f5es anteriores.<\/p>\n<p>A consulta est\u00e1 prevista na\u00a0<a href=\"http:\/\/www.cnj.jus.br\/atos-normativos?documento=2338&amp;acm=245707_11465\" target=\"_blank\" rel=\"alternate\nnoopener\">Portaria CNJ 114\/2016<\/a>, que fixa diretrizes do processo participativo de defini\u00e7\u00e3o das metas.<\/p>\n","protected":false},"excerpt":{"rendered":"<p>Foi aberta consulta p\u00fablica para avaliar as metas nacionais do Judici\u00e1rio para 2019. \u00c9 o segundo ano em que o Conselho Nacional de Justi\u00e7a (CNJ) colhe sugest\u00f5es. Qualquer cidad\u00e3o pode opinar por meio de formul\u00e1rio acess\u00edvel\u00a0neste link\u00a0pelos pr\u00f3ximos dez dias. A pesquisa inova ao buscar saber, pela primeira vez, tema seria importante tamb\u00e9m para 2020. Pode opinar sobre as metas [&hellip;]<\/p>\n","protected":false},"author":27,"featured_media":0,"comment_status":"open","ping_status":"closed","sticky":false,"template":"","format":"standard","meta":{"footnotes":""},"categories":[2719],"tags":[1316,254,12698,3338,3305,124,10948,64,2045,4623,2664,261],"class_list":["post-10843","post","type-post","status-publish","format-standard","hentry","category-servidor","tag-cidadao","tag-cnj","tag-consulta-publica","tag-eleitoral","tag-estadual","tag-federal","tag-formulario","tag-judiciario","tag-metas","tag-militar","tag-sugestoes","tag-trabalho"],"_links":{"self":[{"href":"https:\/\/blogs.correiobraziliense.com.br\/servidor\/wp-json\/wp\/v2\/posts\/10843","targetHints":{"allow":["GET"]}}],"collection":[{"href":"https:\/\/blogs.correiobraziliense.com.br\/servidor\/wp-json\/wp\/v2\/posts"}],"about":[{"href":"https:\/\/blogs.correiobraziliense.com.br\/servidor\/wp-json\/wp\/v2\/types\/post"}],"author":[{"embeddable":true,"href":"https:\/\/blogs.correiobraziliense.com.br\/servidor\/wp-json\/wp\/v2\/users\/27"}],"replies":[{"embeddable":true,"href":"https:\/\/blogs.correiobraziliense.com.br\/servidor\/wp-json\/wp\/v2\/comments?post=10843"}],"version-history":[{"count":1,"href":"https:\/\/blogs.correiobraziliense.com.br\/servidor\/wp-json\/wp\/v2\/posts\/10843\/revisions"}],"predecessor-version":[{"id":10844,"href":"https:\/\/blogs.correiobraziliense.com.br\/servidor\/wp-json\/wp\/v2\/posts\/10843\/revisions\/10844"}],"wp:attachment":[{"href":"https:\/\/blogs.correiobraziliense.com.br\/servidor\/wp-json\/wp\/v2\/media?parent=10843"}],"wp:term":[{"taxonomy":"category","embeddable":true,"href":"https:\/\/blogs.correiobraziliense.com.br\/servidor\/wp-json\/wp\/v2\/categories?post=10843"},{"taxonomy":"post_tag","embeddable":true,"href":"https:\/\/blogs.correiobraziliense.com.br\/servidor\/wp-json\/wp\/v2\/tags?post=10843"}],"curies":[{"name":"wp","href":"https:\/\/api.w.org\/{rel}","templated":true}]}}