{"id":10825,"date":"2018-10-30T13:49:58","date_gmt":"2018-10-30T15:49:58","guid":{"rendered":"https:\/\/blogs.correiobraziliense.com.br\/servidor\/?p=10825"},"modified":"2018-10-30T13:49:58","modified_gmt":"2018-10-30T15:49:58","slug":"seminario-do-bb-combate-crimes-contra-o-sistema-financeiro","status":"publish","type":"post","link":"https:\/\/blogs.correiobraziliense.com.br\/servidor\/seminario-do-bb-combate-crimes-contra-o-sistema-financeiro\/","title":{"rendered":"Semin\u00e1rio do BB combate crimes contra o sistema financeiro"},"content":{"rendered":"<p style=\"font-weight: 400\"><em>O Banco do Brasil far\u00e1 nesta\u00a0quarta-feira (31\/10) o 3\u00ba Semin\u00e1rio de Seguran\u00e7a Institucional. O evento acontece no audit\u00f3rio do Instituto Serzedello Corr\u00eaa, no Centro Cultural do Tribunal de Contas da Uni\u00e3o (TCU), em Bras\u00edlia, com as participa\u00e7\u00f5es do presidente do BB, Paulo Rog\u00e9rio Caffarelli, ministro Lu\u00eds Roberto Barroso, do Supremo Tribunal Federal (STF), programador Kevin Mitnick, CEO da empresa Mitnick Security Consulting, que falar\u00e1 sobre \u201cHow hackers attack and how to fight back: wiht live hacking demonstrations of the current threats to you and your organization\u201d.\u00a0<\/em><\/p>\n<p style=\"font-weight: 400\">Tamb\u00e9m participam do Semin\u00e1rio, Luiz Pontel de Souza (Secretaria Nacional de Justi\u00e7a), S\u00edlvio Amorim (Conselho Nacional do Minist\u00e9rio P\u00fablico) e Eduardo Moreira Bergo (Diretoria de Seguran\u00e7a Institucional do Banco do Brasil), al\u00e9m do embaixador da Rep\u00fablica Federativa da Alemanha no Brasil, Dr. Georg Witschel, e Wagner de Campos Ros\u00e1rio, ministro da Transpar\u00eancia, Fiscaliza\u00e7\u00e3o e Controladoria-Geral da Uni\u00e3o.<\/p>\n<p><img loading=\"lazy\" decoding=\"async\" class=\"size-large wp-image-10826 aligncenter\" src=\"https:\/\/blogs.correiobraziliense.com.br\/servidor\/wp-content\/uploads\/sites\/10\/2018\/10\/BB-crimes-733x1024.jpg\" alt=\"\" width=\"733\" height=\"1024\" srcset=\"https:\/\/blogs.correiobraziliense.com.br\/servidor\/wp-content\/uploads\/sites\/10\/2018\/10\/BB-crimes-733x1024.jpg 733w, https:\/\/blogs.correiobraziliense.com.br\/servidor\/wp-content\/uploads\/sites\/10\/2018\/10\/BB-crimes-215x300.jpg 215w, https:\/\/blogs.correiobraziliense.com.br\/servidor\/wp-content\/uploads\/sites\/10\/2018\/10\/BB-crimes-250x350.jpg 250w, https:\/\/blogs.correiobraziliense.com.br\/servidor\/wp-content\/uploads\/sites\/10\/2018\/10\/BB-crimes-550x769.jpg 550w, https:\/\/blogs.correiobraziliense.com.br\/servidor\/wp-content\/uploads\/sites\/10\/2018\/10\/BB-crimes-230x321.jpg 230w, https:\/\/blogs.correiobraziliense.com.br\/servidor\/wp-content\/uploads\/sites\/10\/2018\/10\/BB-crimes.jpg 734w\" sizes=\"auto, (max-width: 733px) 100vw, 733px\" \/><\/p>\n<table width=\"0\">\n<tbody>\n<tr>\n<td width=\"100%\"><strong>Semin\u00e1rio de Seguran\u00e7a Institucional do Banco do Brasil<\/strong><\/p>\n<p><strong>Local: Centro Cultura do TCU &#8211; Audit\u00f3rio do Instituto Serzedello Corr\u00eaa<br \/>\nEndere\u00e7o: Setor de Clubes Esportivos Sul Trecho 3 Lote 3 \u2013 Bras\u00edlia (DF)<\/strong><\/p>\n<p><strong>Data:\u00a031\/10\/2018\u00a0(quarta-feira)<\/p>\n<p>Hor\u00e1rio: 09h30-7h30<\/strong><\/td>\n<\/tr>\n<\/tbody>\n<\/table>\n<p>&nbsp;<\/p>\n<p>&nbsp;<\/p>\n","protected":false},"excerpt":{"rendered":"<p>O Banco do Brasil far\u00e1 nesta\u00a0quarta-feira (31\/10) o 3\u00ba Semin\u00e1rio de Seguran\u00e7a Institucional. O evento acontece no audit\u00f3rio do Instituto Serzedello Corr\u00eaa, no Centro Cultural do Tribunal de Contas da Uni\u00e3o (TCU), em Bras\u00edlia, com as participa\u00e7\u00f5es do presidente do BB, Paulo Rog\u00e9rio Caffarelli, ministro Lu\u00eds Roberto Barroso, do Supremo Tribunal Federal (STF), programador Kevin Mitnick, CEO da empresa Mitnick [&hellip;]<\/p>\n","protected":false},"author":27,"featured_media":0,"comment_status":"open","ping_status":"closed","sticky":false,"template":"","format":"standard","meta":{"footnotes":""},"categories":[2719],"tags":[1773,1453,2035,13812,1642,1871,2138,13811,208,267,12070,34,635],"class_list":["post-10825","post","type-post","status-publish","format-standard","hentry","category-servidor","tag-banco-do-brasil","tag-bb","tag-cgu","tag-conselho-nacional-do-ministerio-publico","tag-crimes","tag-embaixador","tag-institucional","tag-secretaria-nacional-de-justica","tag-seguranca","tag-seminario","tag-sistema-financeiro","tag-stf","tag-tcu"],"_links":{"self":[{"href":"https:\/\/blogs.correiobraziliense.com.br\/servidor\/wp-json\/wp\/v2\/posts\/10825","targetHints":{"allow":["GET"]}}],"collection":[{"href":"https:\/\/blogs.correiobraziliense.com.br\/servidor\/wp-json\/wp\/v2\/posts"}],"about":[{"href":"https:\/\/blogs.correiobraziliense.com.br\/servidor\/wp-json\/wp\/v2\/types\/post"}],"author":[{"embeddable":true,"href":"https:\/\/blogs.correiobraziliense.com.br\/servidor\/wp-json\/wp\/v2\/users\/27"}],"replies":[{"embeddable":true,"href":"https:\/\/blogs.correiobraziliense.com.br\/servidor\/wp-json\/wp\/v2\/comments?post=10825"}],"version-history":[{"count":1,"href":"https:\/\/blogs.correiobraziliense.com.br\/servidor\/wp-json\/wp\/v2\/posts\/10825\/revisions"}],"predecessor-version":[{"id":10827,"href":"https:\/\/blogs.correiobraziliense.com.br\/servidor\/wp-json\/wp\/v2\/posts\/10825\/revisions\/10827"}],"wp:attachment":[{"href":"https:\/\/blogs.correiobraziliense.com.br\/servidor\/wp-json\/wp\/v2\/media?parent=10825"}],"wp:term":[{"taxonomy":"category","embeddable":true,"href":"https:\/\/blogs.correiobraziliense.com.br\/servidor\/wp-json\/wp\/v2\/categories?post=10825"},{"taxonomy":"post_tag","embeddable":true,"href":"https:\/\/blogs.correiobraziliense.com.br\/servidor\/wp-json\/wp\/v2\/tags?post=10825"}],"curies":[{"name":"wp","href":"https:\/\/api.w.org\/{rel}","templated":true}]}}