{"id":10814,"date":"2018-10-29T17:33:56","date_gmt":"2018-10-29T19:33:56","guid":{"rendered":"https:\/\/blogs.correiobraziliense.com.br\/servidor\/?p=10814"},"modified":"2018-10-29T17:33:56","modified_gmt":"2018-10-29T19:33:56","slug":"servidores-federais-regras-para-o-recesso-de-final-de-ano","status":"publish","type":"post","link":"https:\/\/blogs.correiobraziliense.com.br\/servidor\/servidores-federais-regras-para-o-recesso-de-final-de-ano\/","title":{"rendered":"Servidores federais &#8211; Regras para o recesso de final de ano"},"content":{"rendered":"<p>Portaria do Minist\u00e9rio do Planejamento estabelece o recesso para comemora\u00e7\u00e3o do Natal e Ano Novo nos per\u00edodos de 24 a 28 de dezembro de 2018 e de 31 de dezembro a 4 de janeiro de 2019<\/p>\n<p>As regras para o recesso de comemora\u00e7\u00e3o das festas de final de ano foram estabelecidas, na sexta-feira (26\/10), pelo Minist\u00e9rio do Planejamento. A medida vale para os mais de 633 mil servidores p\u00fablicos federais do Poder Executivo, que ter\u00e3o at\u00e9 o dia 30 de abril de 2019 para compensar as horas n\u00e3o trabalhadas. A <a href=\"http:\/\/pesquisa.in.gov.br\/imprensa\/jsp\/visualiza\/index.jsp?data=29\/10\/2018&amp;jornal=515&amp;pagina=70&amp;totalArquivos=134\">Portaria 10.960<\/a> foi publicada no Di\u00e1rio Oficial da Uni\u00e3o (DOU) desta segunda-feira (29).<\/p>\n<p>Segundo a portaria, o recesso para comemora\u00e7\u00e3o do Natal e Ano Novo compreender\u00e1, respectivamente, os per\u00edodos de 24 a 28 de dezembro de 2018 e de 31 de dezembro a 4 de janeiro de 2019. Nesses per\u00edodos, os servidores p\u00fablicos poder\u00e3o estabelecer um revezamento, preservando servi\u00e7os essenciais e que envolvam o atendimento aos cidad\u00e3os brasileiros.<\/p>\n<p>Caso o servidor n\u00e3o compense as horas n\u00e3o trabalhadas por causa do recesso, haver\u00e1 desconto em sua remunera\u00e7\u00e3o. Essa dedu\u00e7\u00e3o ser\u00e1 proporcional \u00e0s horas n\u00e3o compensadas.<\/p>\n<p>As orienta\u00e7\u00f5es da portaria devem ser seguidas pelos mais de 200 \u00f3rg\u00e3os do Sistema de Pessoal Civil da Administra\u00e7\u00e3o Federal (Sipec).<\/p>\n","protected":false},"excerpt":{"rendered":"<p>Portaria do Minist\u00e9rio do Planejamento estabelece o recesso para comemora\u00e7\u00e3o do Natal e Ano Novo nos per\u00edodos de 24 a 28 de dezembro de 2018 e de 31 de dezembro a 4 de janeiro de 2019 As regras para o recesso de comemora\u00e7\u00e3o das festas de final de ano foram estabelecidas, na sexta-feira (26\/10), pelo Minist\u00e9rio do Planejamento. A medida [&hellip;]<\/p>\n","protected":false},"author":27,"featured_media":0,"comment_status":"open","ping_status":"closed","sticky":false,"template":"","format":"standard","meta":{"footnotes":""},"categories":[2719],"tags":[224,897,3254,59,13809,777,141,223,13810,4134,751,58],"class_list":["post-10814","post","type-post","status-publish","format-standard","hentry","category-servidor","tag-ano-novo","tag-comemoracao","tag-dezembro","tag-federais","tag-final-de-ano","tag-janeiro","tag-ministerio-do-planejamento","tag-natal","tag-portaria-10-960","tag-recesso","tag-regras","tag-servidores"],"_links":{"self":[{"href":"https:\/\/blogs.correiobraziliense.com.br\/servidor\/wp-json\/wp\/v2\/posts\/10814","targetHints":{"allow":["GET"]}}],"collection":[{"href":"https:\/\/blogs.correiobraziliense.com.br\/servidor\/wp-json\/wp\/v2\/posts"}],"about":[{"href":"https:\/\/blogs.correiobraziliense.com.br\/servidor\/wp-json\/wp\/v2\/types\/post"}],"author":[{"embeddable":true,"href":"https:\/\/blogs.correiobraziliense.com.br\/servidor\/wp-json\/wp\/v2\/users\/27"}],"replies":[{"embeddable":true,"href":"https:\/\/blogs.correiobraziliense.com.br\/servidor\/wp-json\/wp\/v2\/comments?post=10814"}],"version-history":[{"count":1,"href":"https:\/\/blogs.correiobraziliense.com.br\/servidor\/wp-json\/wp\/v2\/posts\/10814\/revisions"}],"predecessor-version":[{"id":10815,"href":"https:\/\/blogs.correiobraziliense.com.br\/servidor\/wp-json\/wp\/v2\/posts\/10814\/revisions\/10815"}],"wp:attachment":[{"href":"https:\/\/blogs.correiobraziliense.com.br\/servidor\/wp-json\/wp\/v2\/media?parent=10814"}],"wp:term":[{"taxonomy":"category","embeddable":true,"href":"https:\/\/blogs.correiobraziliense.com.br\/servidor\/wp-json\/wp\/v2\/categories?post=10814"},{"taxonomy":"post_tag","embeddable":true,"href":"https:\/\/blogs.correiobraziliense.com.br\/servidor\/wp-json\/wp\/v2\/tags?post=10814"}],"curies":[{"name":"wp","href":"https:\/\/api.w.org\/{rel}","templated":true}]}}