{"id":10770,"date":"2018-10-25T19:46:25","date_gmt":"2018-10-25T21:46:25","guid":{"rendered":"https:\/\/blogs.correiobraziliense.com.br\/servidor\/?p=10770"},"modified":"2018-10-25T19:46:25","modified_gmt":"2018-10-25T21:46:25","slug":"ministro-da-saude-reconhece-servico-prestado-pela-geap-informa-operadora","status":"publish","type":"post","link":"https:\/\/blogs.correiobraziliense.com.br\/servidor\/ministro-da-saude-reconhece-servico-prestado-pela-geap-informa-operadora\/","title":{"rendered":"Ministro da Sa\u00fade reconhece servi\u00e7o prestado pela Geap, informa operadora"},"content":{"rendered":"<p><em>Ao longo desta semana, a Geap, maior operadora de planos de sa\u00fade dos servidores, faz o 1\u00ba Circuito de Sa\u00fade dos Minist\u00e9rios, em Bras\u00edlia (DF). O evento foi prestigiado pelo Ministro da Sa\u00fade, Gilberto Occhi, informou a assessoria de imprensa. O objetivo \u00e9 levar mais bem-estar aos servidores p\u00fablicos dos Minist\u00e9rios da Sa\u00fade e do Planejamento, com atendimentos m\u00e9dicos, palestras e exames<\/em><\/p>\n<p>Uma estrutura especial foi armada no local para proporcionar dias de sa\u00fade aos cerca de tr\u00eas mil servidores. Profissionais qualificados est\u00e3o ofertando servi\u00e7os diversos, como: aferi\u00e7\u00e3o de press\u00e3o arterial e press\u00e3o ocular, teste de glicemia, terapias manuais, dan\u00e7a, fisioergonomia, orienta\u00e7\u00e3o capilar, nutricional e bioimped\u00e2ncia. Al\u00e9m disso, est\u00e3o sendo ministradas palestras com especialistas sobre oncologia, preven\u00e7\u00e3o de c\u00e2ncer de pr\u00f3stata, de mama e colo de \u00fatero.<\/p>\n<p>O Ministro da Sa\u00fade, Gilberto Occhi, prestigiou o Circuito de Sa\u00fade da Geap visitou o espa\u00e7o de atendimento e elogiou a operadora de autogest\u00e3o pelo cuidado com milhares de brasileiros. \u201cA Geap \u00e9 um plano, n\u00f3s sabemos, muito importante para os benefici\u00e1rios e suas fam\u00edlias. Al\u00e9m disso, leva atendimento e informa\u00e7\u00e3o para todos. Ent\u00e3o, eu parabenizo a operadora, porque, de fato, ela \u00e9 a grande gestora dos planos de sa\u00fade dos servidores p\u00fablicos federais\u201d, disse.<\/p>\n<p>\u201cOs servidores dos minist\u00e9rios merecem uma aten\u00e7\u00e3o especial da Geap. O Circuito de Sa\u00fade \u00e9 uma das diversas a\u00e7\u00f5es que realizamos para comemorar a semana do servidor\u201d, declarou a diretora de Sa\u00fade, Luciana Rodriguez.<\/p>\n<p>\u201cPromover sa\u00fade e qualidade de vida fazem parte das nossas prioridades para os benefici\u00e1rios. E o sucesso desse evento \u00e9 prova disso\u201d, ressaltou o diretor-executivo da Geap, Leopoldo Jorge Alves Neto.<\/p>\n","protected":false},"excerpt":{"rendered":"<p>Ao longo desta semana, a Geap, maior operadora de planos de sa\u00fade dos servidores, faz o 1\u00ba Circuito de Sa\u00fade dos Minist\u00e9rios, em Bras\u00edlia (DF). O evento foi prestigiado pelo Ministro da Sa\u00fade, Gilberto Occhi, informou a assessoria de imprensa. O objetivo \u00e9 levar mais bem-estar aos servidores p\u00fablicos dos Minist\u00e9rios da Sa\u00fade e do Planejamento, com atendimentos m\u00e9dicos, palestras [&hellip;]<\/p>\n","protected":false},"author":27,"featured_media":0,"comment_status":"open","ping_status":"closed","sticky":false,"template":"","format":"standard","meta":{"footnotes":""},"categories":[2719],"tags":[2388,3442,76,174,2242,141,13774,3779,2317,212,58],"class_list":["post-10770","post","type-post","status-publish","format-standard","hentry","category-servidor","tag-autogestao","tag-exames","tag-geap","tag-medicos","tag-ministerio-da-saude","tag-ministerio-do-planejamento","tag-ministro-da-saude","tag-palestras","tag-plano-de-saude","tag-servico","tag-servidores"],"_links":{"self":[{"href":"https:\/\/blogs.correiobraziliense.com.br\/servidor\/wp-json\/wp\/v2\/posts\/10770","targetHints":{"allow":["GET"]}}],"collection":[{"href":"https:\/\/blogs.correiobraziliense.com.br\/servidor\/wp-json\/wp\/v2\/posts"}],"about":[{"href":"https:\/\/blogs.correiobraziliense.com.br\/servidor\/wp-json\/wp\/v2\/types\/post"}],"author":[{"embeddable":true,"href":"https:\/\/blogs.correiobraziliense.com.br\/servidor\/wp-json\/wp\/v2\/users\/27"}],"replies":[{"embeddable":true,"href":"https:\/\/blogs.correiobraziliense.com.br\/servidor\/wp-json\/wp\/v2\/comments?post=10770"}],"version-history":[{"count":1,"href":"https:\/\/blogs.correiobraziliense.com.br\/servidor\/wp-json\/wp\/v2\/posts\/10770\/revisions"}],"predecessor-version":[{"id":10771,"href":"https:\/\/blogs.correiobraziliense.com.br\/servidor\/wp-json\/wp\/v2\/posts\/10770\/revisions\/10771"}],"wp:attachment":[{"href":"https:\/\/blogs.correiobraziliense.com.br\/servidor\/wp-json\/wp\/v2\/media?parent=10770"}],"wp:term":[{"taxonomy":"category","embeddable":true,"href":"https:\/\/blogs.correiobraziliense.com.br\/servidor\/wp-json\/wp\/v2\/categories?post=10770"},{"taxonomy":"post_tag","embeddable":true,"href":"https:\/\/blogs.correiobraziliense.com.br\/servidor\/wp-json\/wp\/v2\/tags?post=10770"}],"curies":[{"name":"wp","href":"https:\/\/api.w.org\/{rel}","templated":true}]}}