{"id":10757,"date":"2018-10-24T19:34:25","date_gmt":"2018-10-24T21:34:25","guid":{"rendered":"https:\/\/blogs.correiobraziliense.com.br\/servidor\/?p=10757"},"modified":"2018-10-24T19:34:25","modified_gmt":"2018-10-24T21:34:25","slug":"procuradores-da-fazenda-nacional-indicam-membros-da-carreira-para-o-cargo-de-advogado-geral-da-uniao","status":"publish","type":"post","link":"https:\/\/blogs.correiobraziliense.com.br\/servidor\/procuradores-da-fazenda-nacional-indicam-membros-da-carreira-para-o-cargo-de-advogado-geral-da-uniao\/","title":{"rendered":"Procuradores da Fazenda Nacional indicam membros da carreira para o cargo de advogado-geral da Uni\u00e3o"},"content":{"rendered":"<p><em>Entre os procuradores da Fazenda Nacional, os mais votados na primeira fase da elei\u00e7\u00e3o foram Fabr\u00edcio Da Soller, atual procurador-geral da Fazenda Nacional; Daniel de Saboia, Rog\u00e9rio Campos, Cl\u00e1udio Seefelder, Anelize Ruas de Almeida, Jos\u00e9 Levi Mello e Cristiano Neuenschwander, membros da Procuradoria-Geral da Fazenda Nacional; Jos\u00e9 Carlos Loch, delegado sindical no Rio Grande do Sul; Her\u00e1clio Camargo, ex-presidente do Sindicato Nacional dos Procuradores da Fazenda Nacional (Sinprofaz); Andr\u00e9 Campello e Roberto Rodrigues, diretores do Sindicato<\/em><\/p>\n<p>A escolha do pr\u00f3ximo chefe da Advocacia-Geral da Uni\u00e3o (AGU) est\u00e1 movimentando as carreiras da advocacia p\u00fablica federal.\u00a0Procuradores da Fazenda Nacional, advogados da Uni\u00e3o e procuradores federais v\u00eam participando de um processo eleitoral interno para uma lista tr\u00edplice com membros das tr\u00eas carreiras. A iniciativa da elei\u00e7\u00e3o \u00e9 do F\u00f3rum Nacional da Advocacia P\u00fablica Federal.<\/p>\n<p>Os onze procuradores ser\u00e3o submetidos \u00e0 segunda e \u00faltima fase da elei\u00e7\u00e3o, a ser realizada de 5 a 9 de novembro. Do processo eleitoral, resultar\u00e1 a Lista Tr\u00edplice, que ser\u00e1 entregue pelo F\u00f3rum Nacional da Advocacia P\u00fablica Federal ao presidente da Rep\u00fablica eleito. A nomea\u00e7\u00e3o do advogado-geral da Uni\u00e3o \u00e9 atribui\u00e7\u00e3o exclusiva do presidente da Rep\u00fablica. Atualmente, o cargo \u00e9 ocupado por Grace Mendon\u00e7a.<\/p>\n","protected":false},"excerpt":{"rendered":"<p>Entre os procuradores da Fazenda Nacional, os mais votados na primeira fase da elei\u00e7\u00e3o foram Fabr\u00edcio Da Soller, atual procurador-geral da Fazenda Nacional; Daniel de Saboia, Rog\u00e9rio Campos, Cl\u00e1udio Seefelder, Anelize Ruas de Almeida, Jos\u00e9 Levi Mello e Cristiano Neuenschwander, membros da Procuradoria-Geral da Fazenda Nacional; Jos\u00e9 Carlos Loch, delegado sindical no Rio Grande do Sul; Her\u00e1clio Camargo, ex-presidente do [&hellip;]<\/p>\n","protected":false},"author":27,"featured_media":0,"comment_status":"open","ping_status":"closed","sticky":false,"template":"","format":"standard","meta":{"footnotes":""},"categories":[2719],"tags":[13766,157,188,106,3338,4395,13765,764,156,5166,1157,1235],"class_list":["post-10757","post","type-post","status-publish","format-standard","hentry","category-servidor","tag-advogadogeral-da-uniao","tag-agu","tag-carreira","tag-eleicao","tag-eleitoral","tag-fazenda-nacional","tag-indicam","tag-lista-triplice","tag-membros","tag-presidente-da-republica","tag-processo","tag-procuradores"],"_links":{"self":[{"href":"https:\/\/blogs.correiobraziliense.com.br\/servidor\/wp-json\/wp\/v2\/posts\/10757","targetHints":{"allow":["GET"]}}],"collection":[{"href":"https:\/\/blogs.correiobraziliense.com.br\/servidor\/wp-json\/wp\/v2\/posts"}],"about":[{"href":"https:\/\/blogs.correiobraziliense.com.br\/servidor\/wp-json\/wp\/v2\/types\/post"}],"author":[{"embeddable":true,"href":"https:\/\/blogs.correiobraziliense.com.br\/servidor\/wp-json\/wp\/v2\/users\/27"}],"replies":[{"embeddable":true,"href":"https:\/\/blogs.correiobraziliense.com.br\/servidor\/wp-json\/wp\/v2\/comments?post=10757"}],"version-history":[{"count":1,"href":"https:\/\/blogs.correiobraziliense.com.br\/servidor\/wp-json\/wp\/v2\/posts\/10757\/revisions"}],"predecessor-version":[{"id":10758,"href":"https:\/\/blogs.correiobraziliense.com.br\/servidor\/wp-json\/wp\/v2\/posts\/10757\/revisions\/10758"}],"wp:attachment":[{"href":"https:\/\/blogs.correiobraziliense.com.br\/servidor\/wp-json\/wp\/v2\/media?parent=10757"}],"wp:term":[{"taxonomy":"category","embeddable":true,"href":"https:\/\/blogs.correiobraziliense.com.br\/servidor\/wp-json\/wp\/v2\/categories?post=10757"},{"taxonomy":"post_tag","embeddable":true,"href":"https:\/\/blogs.correiobraziliense.com.br\/servidor\/wp-json\/wp\/v2\/tags?post=10757"}],"curies":[{"name":"wp","href":"https:\/\/api.w.org\/{rel}","templated":true}]}}