{"id":10748,"date":"2018-10-24T13:41:58","date_gmt":"2018-10-24T15:41:58","guid":{"rendered":"https:\/\/blogs.correiobraziliense.com.br\/servidor\/?p=10748"},"modified":"2018-10-24T13:41:58","modified_gmt":"2018-10-24T15:41:58","slug":"plenario-virtual-esclarece-sobre-auxilio-moradia-de-advogados","status":"publish","type":"post","link":"https:\/\/blogs.correiobraziliense.com.br\/servidor\/plenario-virtual-esclarece-sobre-auxilio-moradia-de-advogados\/","title":{"rendered":"Plen\u00e1rio virtual esclarece sobre aux\u00edlio-moradia de advogados"},"content":{"rendered":"<p><em>Advogados que exercem a judicatura (cargo ou dignidade de juiz, poder de julgar) n\u00e3o devem receber a ajuda de custo paga aos magistrados, porque a fun\u00e7\u00e3o n\u00e3o impede o exerc\u00edcio da advocacia e o recebimento de honor\u00e1rios. A decis\u00e3o do CNJ foi por unanimidade<\/em><\/p>\n<p>No julgamento de uma consulta (0004640-51.2015.2.00.0000) do Tribunal Regional Eleitoral da Para\u00edba (TRE-PB), sobre a possibilidade de extens\u00e3o do aux\u00edlio-moradia aos advogados que exercem a judicatura nas cortes regionais eleitorais por mandato, o conselheiro M\u00e1rcio Schiefler, do Conselho Nacional de Justi\u00e7a (CNJ), relator do processo, respondeu negativamente e citou outros julgados que analisaram mat\u00e9ria semelhante por parte do Tribunal Superior Eleitoral (TSE). O voto foi acompanhado por todos os demais conselheiros.<\/p>\n<p>O voto do relator aponta que a Resolu\u00e7\u00e3o CNJ 199\/2014 esclarece que a ajuda de custo para moradia paga aos magistrados brasileiros \u00e9 verba pecuni\u00e1ria indenizat\u00f3ria e, portanto, n\u00e3o pode ser confundida com as garantias outorgadas \u00e0 magistratura.<\/p>\n<p>\u201cH\u00e1 de se reconhecer que a judicatura dos membros da classe de advogados \u00e9, de fato, peculiar, j\u00e1 que, para al\u00e9m de ter prazo determinado, n\u00e3o afasta a possibilidade de exerc\u00edcio da advocacia e percep\u00e7\u00e3o de rendimentos por essa atua\u00e7\u00e3o\u201d, destaca trecho do voto.<\/p>\n<p>&nbsp;<\/p>\n","protected":false},"excerpt":{"rendered":"<p>Advogados que exercem a judicatura (cargo ou dignidade de juiz, poder de julgar) n\u00e3o devem receber a ajuda de custo paga aos magistrados, porque a fun\u00e7\u00e3o n\u00e3o impede o exerc\u00edcio da advocacia e o recebimento de honor\u00e1rios. A decis\u00e3o do CNJ foi por unanimidade No julgamento de uma consulta (0004640-51.2015.2.00.0000) do Tribunal Regional Eleitoral da Para\u00edba (TRE-PB), sobre a possibilidade [&hellip;]<\/p>\n","protected":false},"author":27,"featured_media":0,"comment_status":"open","ping_status":"closed","sticky":false,"template":"","format":"standard","meta":{"footnotes":""},"categories":[2719],"tags":[265,11680,343,4861,1373,13457,13761,621,11896,2776,2216,2025,259,276],"class_list":["post-10748","post","type-post","status-publish","format-standard","hentry","category-servidor","tag-advogados","tag-ajuda-de-custo","tag-auxilio-moradia","tag-garantias","tag-honorarios","tag-indenizatoria","tag-judicatura","tag-magistrados","tag-pecuniaria","tag-plenario","tag-poder","tag-rendimentos","tag-verba","tag-virtual"],"_links":{"self":[{"href":"https:\/\/blogs.correiobraziliense.com.br\/servidor\/wp-json\/wp\/v2\/posts\/10748","targetHints":{"allow":["GET"]}}],"collection":[{"href":"https:\/\/blogs.correiobraziliense.com.br\/servidor\/wp-json\/wp\/v2\/posts"}],"about":[{"href":"https:\/\/blogs.correiobraziliense.com.br\/servidor\/wp-json\/wp\/v2\/types\/post"}],"author":[{"embeddable":true,"href":"https:\/\/blogs.correiobraziliense.com.br\/servidor\/wp-json\/wp\/v2\/users\/27"}],"replies":[{"embeddable":true,"href":"https:\/\/blogs.correiobraziliense.com.br\/servidor\/wp-json\/wp\/v2\/comments?post=10748"}],"version-history":[{"count":1,"href":"https:\/\/blogs.correiobraziliense.com.br\/servidor\/wp-json\/wp\/v2\/posts\/10748\/revisions"}],"predecessor-version":[{"id":10749,"href":"https:\/\/blogs.correiobraziliense.com.br\/servidor\/wp-json\/wp\/v2\/posts\/10748\/revisions\/10749"}],"wp:attachment":[{"href":"https:\/\/blogs.correiobraziliense.com.br\/servidor\/wp-json\/wp\/v2\/media?parent=10748"}],"wp:term":[{"taxonomy":"category","embeddable":true,"href":"https:\/\/blogs.correiobraziliense.com.br\/servidor\/wp-json\/wp\/v2\/categories?post=10748"},{"taxonomy":"post_tag","embeddable":true,"href":"https:\/\/blogs.correiobraziliense.com.br\/servidor\/wp-json\/wp\/v2\/tags?post=10748"}],"curies":[{"name":"wp","href":"https:\/\/api.w.org\/{rel}","templated":true}]}}