{"id":1074,"date":"2016-02-24T20:46:10","date_gmt":"2016-02-24T23:46:10","guid":{"rendered":"https:\/\/blogs.correiobraziliense.com.br\/servidor\/?p=1074"},"modified":"2016-02-24T20:46:10","modified_gmt":"2016-02-24T23:46:10","slug":"ministerio-da-fazenda-vitoria-sigilo-bancario","status":"publish","type":"post","link":"https:\/\/blogs.correiobraziliense.com.br\/servidor\/ministerio-da-fazenda-vitoria-sigilo-bancario\/","title":{"rendered":"MINIST\u00c9RIO DA FAZENDA &#8211; VIT\u00d3RIA SIGILO BANC\u00c1RIO"},"content":{"rendered":"<p>Segundo nota do Minist\u00e9rio da Fazenda, a Procuradoria-Geral da Fazenda Nacional (PGFN) teve, ontem, importante vit\u00f3ria perante o Supremo Tribunal Federal (STF), no reconhecimento da constitucionalidade do art. 6\u00ba da Lei Complementar 105\/2001, que instituiu a transfer\u00eancia dos dados protegidos pelo sigilo banc\u00e1rio diretamente \u00e0 Receita Federal do Brasil, independentemente de pr\u00e9via ordem judicial.<\/p>\n<p>&nbsp;<\/p>\n<p>O STF entendeu que o poder de fiscaliza\u00e7\u00e3o, pela Constitui\u00e7\u00e3o, autoriza o Fisco &#8220;a obter os dados banc\u00e1rios dos contribuintes a fim de buscar elementos indicadores da sua capacidade contributiva e, assim, aferir a corre\u00e7\u00e3o do recolhimento tribut\u00e1rio, sem que se possa reputar contrariado o direito do cidad\u00e3o \u00e0 intimidade e \u00e0 privacidade&#8221;.<\/p>\n<p>&nbsp;<\/p>\n<p>A decis\u00e3o, no entender do Minist\u00e9rio, &#8220;reafirma a retid\u00e3o do procedimento estabelecido no \u00e2mbito da Receita Federal do Brasil, forte no zelo pela observ\u00e2ncia do devido processo legal e na preserva\u00e7\u00e3o do sigilo fiscal. Garante, por outro lado, a manuten\u00e7\u00e3o do Brasil no rol dos pa\u00edses signat\u00e1rios de acordos de coopera\u00e7\u00e3o internacional envolvendo trocas de informa\u00e7\u00f5es entre as diferentes jurisdi\u00e7\u00f5es de forma c\u00e9lere e eficiente, na esteira do movimento mundial de atua\u00e7\u00e3o conjunta no combate \u00e0 evas\u00e3o fiscal internacional e a outros crimes de alcance extraterritorial, como lavagem de dinheiro, narcotr\u00e1fico e terrorismo&#8221;.<\/p>\n<p>&nbsp;<\/p>\n","protected":false},"excerpt":{"rendered":"<p>Segundo nota do Minist\u00e9rio da Fazenda, a Procuradoria-Geral da Fazenda Nacional (PGFN) teve, ontem, importante vit\u00f3ria perante o Supremo Tribunal Federal (STF), no reconhecimento da constitucionalidade do art. 6\u00ba da Lei Complementar 105\/2001, que instituiu a transfer\u00eancia dos dados protegidos pelo sigilo banc\u00e1rio diretamente \u00e0 Receita Federal do Brasil, independentemente de pr\u00e9via ordem judicial. &nbsp; O STF entendeu que o [&hellip;]<\/p>\n","protected":false},"author":27,"featured_media":0,"comment_status":"open","ping_status":"closed","sticky":false,"template":"","format":"standard","meta":{"footnotes":""},"categories":[1],"tags":[515,167,116,247,991,810,284,990],"class_list":["post-1074","post","type-post","status-publish","format-standard","hentry","category-sem-categoria","tag-contribuintes","tag-dados","tag-direito","tag-fisco","tag-intimidade","tag-ministerio-da-fazenda","tag-pgfn","tag-sigilo-bancario"],"_links":{"self":[{"href":"https:\/\/blogs.correiobraziliense.com.br\/servidor\/wp-json\/wp\/v2\/posts\/1074","targetHints":{"allow":["GET"]}}],"collection":[{"href":"https:\/\/blogs.correiobraziliense.com.br\/servidor\/wp-json\/wp\/v2\/posts"}],"about":[{"href":"https:\/\/blogs.correiobraziliense.com.br\/servidor\/wp-json\/wp\/v2\/types\/post"}],"author":[{"embeddable":true,"href":"https:\/\/blogs.correiobraziliense.com.br\/servidor\/wp-json\/wp\/v2\/users\/27"}],"replies":[{"embeddable":true,"href":"https:\/\/blogs.correiobraziliense.com.br\/servidor\/wp-json\/wp\/v2\/comments?post=1074"}],"version-history":[{"count":1,"href":"https:\/\/blogs.correiobraziliense.com.br\/servidor\/wp-json\/wp\/v2\/posts\/1074\/revisions"}],"predecessor-version":[{"id":1075,"href":"https:\/\/blogs.correiobraziliense.com.br\/servidor\/wp-json\/wp\/v2\/posts\/1074\/revisions\/1075"}],"wp:attachment":[{"href":"https:\/\/blogs.correiobraziliense.com.br\/servidor\/wp-json\/wp\/v2\/media?parent=1074"}],"wp:term":[{"taxonomy":"category","embeddable":true,"href":"https:\/\/blogs.correiobraziliense.com.br\/servidor\/wp-json\/wp\/v2\/categories?post=1074"},{"taxonomy":"post_tag","embeddable":true,"href":"https:\/\/blogs.correiobraziliense.com.br\/servidor\/wp-json\/wp\/v2\/tags?post=1074"}],"curies":[{"name":"wp","href":"https:\/\/api.w.org\/{rel}","templated":true}]}}