{"id":10736,"date":"2018-10-23T13:28:18","date_gmt":"2018-10-23T15:28:18","guid":{"rendered":"https:\/\/blogs.correiobraziliense.com.br\/servidor\/?p=10736"},"modified":"2018-10-23T13:29:06","modified_gmt":"2018-10-23T15:29:06","slug":"cnj-congestionamento-do-judiciario-cai-para-72-em-2017","status":"publish","type":"post","link":"https:\/\/blogs.correiobraziliense.com.br\/servidor\/cnj-congestionamento-do-judiciario-cai-para-72-em-2017\/","title":{"rendered":"CNJ &#8211; Congestionamento do Judici\u00e1rio cai para 72% em 2017"},"content":{"rendered":"<p><em>A taxa de congestionamento mede o percentual de processos que ficaram represados sem solu\u00e7\u00e3o, comparativamente ao total tramitado no per\u00edodo de um ano. Quanto maior o \u00edndice, maior a dificuldade do tribunal em lidar com seu estoque de processos.<\/em><\/p>\n<p>A taxa de congestionamento bruta do Poder Judici\u00e1rio caiu de 73% em 2016 para 72% em 2017, de acordo com o Conselho Nacional de Justi\u00e7a (CNJ). A diferen\u00e7a de um ponto percentual \u00e9 a maior j\u00e1 registrada na s\u00e9rie hist\u00f3rica do\u00a0<a href=\"http:\/\/www.cnj.jus.br\/pesquisas-judiciarias\/justicaemnumeros\/2016-10-21-13-13-04\/pj-justica-em-numeros?acm=245707_11417\" target=\"_blank\" rel=\"alternate noopener\">Relat\u00f3rio Justi\u00e7a em N\u00fameros<\/a>, anu\u00e1rio que monitora o desempenho do Judici\u00e1rio e que teve in\u00edcio em 2009. Pela primeira vez, todos os segmentos de Justi\u00e7a conseguiram reduzir suas taxas de congestionamento.<\/p>\n<p>\u201cEm toda a s\u00e9rie hist\u00f3rica, a taxa de congestionamento do Poder Judici\u00e1rio se manteve em patamares elevados, sempre acima de 70%. As varia\u00e7\u00f5es anuais s\u00e3o sutis e, em 2017, houve redu\u00e7\u00e3o de um ponto percentual, fato at\u00e9 ent\u00e3o nunca observado. Ao longo de oito anos, a taxa de congestionamento variou em apenas 1,5 ponto percentual\u201d, registra o Justi\u00e7a em N\u00fameros.<\/p>\n<p><img loading=\"lazy\" decoding=\"async\" class=\"CToWUd a6T\" src=\"https:\/\/mail.google.com\/mail\/u\/0?ui=2&amp;ik=161b52c0c4&amp;attid=0.1.3&amp;permmsgid=msg-f:1615114001553914689&amp;th=166a09a08e617b41&amp;view=fimg&amp;sz=s0-l75-ft&amp;attbid=ANGjdJ94VaxCNa4ROdSX2ipD9S4MuiJZ4ATJClgxaTGHCGZVDZkE8R1hn-uiT7oa-y4vVDIo4_sQkLW7LeVmvKXVxrpe_4Spk9cRY8VUUAe3Y-m-DHsF43FRivXiM1U&amp;disp=emb\" alt=\"files\/conteudo\/imagem\/2018\/10\/a91ee56b5bbf9a5161063d1cde91d586.png\" width=\"721\" height=\"431\" \/><\/p>\n<p>De acordo com dados da pesquisa, na Justi\u00e7a Estadual, cuja taxa de congestionamento m\u00e9dia foi de 74,5%, o menor percentual foi do Tribunal de Justi\u00e7a de Roraima (TJ-RR), 50,6%. Na Justi\u00e7a do Trabalho, com taxa de congestionamento de 55,2%, o melhor \u00edndice \u00e9 de 42,6% do Tribunal Regional do Trabalho da 11\u00aa Regi\u00e3o (Amazonas e Roraima). Na Justi\u00e7a Federal, cuja m\u00e9dia foi de 73,4% de taxa congestionamento, a menor taxa est\u00e1 no Tribunal Regional Federal da 5\u00aa Regi\u00e3o (Alagoas, Cear\u00e1, Para\u00edba, Pernambuco, Rio Grande do Norte e Sergipe), com 54,6%.<\/p>\n<p><img loading=\"lazy\" decoding=\"async\" class=\"CToWUd a6T\" src=\"https:\/\/mail.google.com\/mail\/u\/0?ui=2&amp;ik=161b52c0c4&amp;attid=0.1.4&amp;permmsgid=msg-f:1615114001553914689&amp;th=166a09a08e617b41&amp;view=fimg&amp;sz=s0-l75-ft&amp;attbid=ANGjdJ_okcMe5EsDRxTmlqOccipwVPJWGhv7--5XKK6FtoqAVeQAqEijsIGYb9OplhkdzFkiz4Skuln_i2jaCxCT5RrpJdhs6xiULUE-kQ6o8x3Xw5T_5caGMP2U-Rg&amp;disp=emb\" alt=\"files\/conteudo\/imagem\/2018\/10\/1ec4acceb5ceb7cbcef6ba5d9b86aa2d.png\" width=\"727\" height=\"448\" \/><\/p>\n<p>A taxa de congestionamento l\u00edquida \u00e9 calculada excluindo-se os processos suspensos, sobrestados ou em arquivo provis\u00f3rio. Em 2017, ela foi de 67,9%, ou seja, 4,2 pontos percentuais a menos que a taxa total. O \u00edndice na taxa l\u00edquida reduziu ainda mais que na bruta, &#8211; 1,5 ponto percentual em rela\u00e7\u00e3o ao ano de 2016. Os segmentos de justi\u00e7a mais impactados pelo volume de processos suspensos s\u00e3o a Justi\u00e7a Federal, com redu\u00e7\u00e3o na taxa de congestionamento bruta para l\u00edquida em 13,7 pontos percentuais, e a Justi\u00e7a do Trabalho, com redu\u00e7\u00e3o de 6,5 pontos percentuais.<\/p>\n","protected":false},"excerpt":{"rendered":"<p>A taxa de congestionamento mede o percentual de processos que ficaram represados sem solu\u00e7\u00e3o, comparativamente ao total tramitado no per\u00edodo de um ano. Quanto maior o \u00edndice, maior a dificuldade do tribunal em lidar com seu estoque de processos. A taxa de congestionamento bruta do Poder Judici\u00e1rio caiu de 73% em 2016 para 72% em 2017, de acordo com o [&hellip;]<\/p>\n","protected":false},"author":27,"featured_media":0,"comment_status":"open","ping_status":"closed","sticky":false,"template":"","format":"standard","meta":{"footnotes":""},"categories":[2719],"tags":[254,3856,349,1261,8960,297,1137,562,9180,13752,1429,6447,2276],"class_list":["post-10736","post","type-post","status-publish","format-standard","hentry","category-servidor","tag-cnj","tag-congestionamento","tag-dificuldade","tag-indice","tag-justica-em-numeros","tag-percentual","tag-poder-judiciario","tag-processos","tag-represados","tag-serie-historica","tag-solucao","tag-tramitando","tag-tribunal"],"_links":{"self":[{"href":"https:\/\/blogs.correiobraziliense.com.br\/servidor\/wp-json\/wp\/v2\/posts\/10736","targetHints":{"allow":["GET"]}}],"collection":[{"href":"https:\/\/blogs.correiobraziliense.com.br\/servidor\/wp-json\/wp\/v2\/posts"}],"about":[{"href":"https:\/\/blogs.correiobraziliense.com.br\/servidor\/wp-json\/wp\/v2\/types\/post"}],"author":[{"embeddable":true,"href":"https:\/\/blogs.correiobraziliense.com.br\/servidor\/wp-json\/wp\/v2\/users\/27"}],"replies":[{"embeddable":true,"href":"https:\/\/blogs.correiobraziliense.com.br\/servidor\/wp-json\/wp\/v2\/comments?post=10736"}],"version-history":[{"count":2,"href":"https:\/\/blogs.correiobraziliense.com.br\/servidor\/wp-json\/wp\/v2\/posts\/10736\/revisions"}],"predecessor-version":[{"id":10738,"href":"https:\/\/blogs.correiobraziliense.com.br\/servidor\/wp-json\/wp\/v2\/posts\/10736\/revisions\/10738"}],"wp:attachment":[{"href":"https:\/\/blogs.correiobraziliense.com.br\/servidor\/wp-json\/wp\/v2\/media?parent=10736"}],"wp:term":[{"taxonomy":"category","embeddable":true,"href":"https:\/\/blogs.correiobraziliense.com.br\/servidor\/wp-json\/wp\/v2\/categories?post=10736"},{"taxonomy":"post_tag","embeddable":true,"href":"https:\/\/blogs.correiobraziliense.com.br\/servidor\/wp-json\/wp\/v2\/tags?post=10736"}],"curies":[{"name":"wp","href":"https:\/\/api.w.org\/{rel}","templated":true}]}}