{"id":10730,"date":"2018-10-22T20:50:53","date_gmt":"2018-10-22T22:50:53","guid":{"rendered":"https:\/\/blogs.correiobraziliense.com.br\/servidor\/?p=10730"},"modified":"2018-10-22T20:50:53","modified_gmt":"2018-10-22T22:50:53","slug":"apoio-para-novos-talentos-campanha-da-alumni-coppead-arrecada-bolsas-para-alunos-do-mestrado-do-coppead-ufrj","status":"publish","type":"post","link":"https:\/\/blogs.correiobraziliense.com.br\/servidor\/apoio-para-novos-talentos-campanha-da-alumni-coppead-arrecada-bolsas-para-alunos-do-mestrado-do-coppead-ufrj\/","title":{"rendered":"Apoio para novos talentos &#8211; Campanha da Alumni Coppead arrecada bolsas para alunos do mestrado do Coppead\/UFRJ"},"content":{"rendered":"<p><em>A Alumni Coppead\/UFRJ est\u00e1 divulgando o projeto Coppera, uma plataforma de financiamento coletivo, onde formandos procuram fornecer uma bolsa de estudo integral para o aluno que n\u00e3o tenha condi\u00e7\u00f5es financeiras de arcar com despesas enquanto se dedica ao mestrado. \u00c9 uma medida de coopera\u00e7\u00e3o in\u00e9dita<\/em><\/p>\n<p>Um dos valores do Coppead\/UFRJ, \u00fanica institui\u00e7\u00e3o do pa\u00eds ligada a uma universidade p\u00fablica a constar no ranking do Financial Times das melhores escolas de neg\u00f3cios do mundo, est\u00e1 na sua contribui\u00e7\u00e3o para o desenvolvimento da forma\u00e7\u00e3o executiva do Brasil. No entanto, mesmo os programas de mestrado e doutorado do Coppead\/UFRJ sendo gratuitos, nem todos os estudantes t\u00eam condi\u00e7\u00f5es financeiras de se dedicarem aos programas sem uma fonte de renda que os suporte, pois o formato \u00e9 integral, equiparado ao modelo internacional de MBA full time, que exige dedica\u00e7\u00e3o total. Dessa forma, ex-alunos da institui\u00e7\u00e3o resolveram ajudar e concretizar o estudo daqueles que n\u00e3o est\u00e3o conseguindo dar conta, numa medida de coopera\u00e7\u00e3o in\u00e9dita.<\/p>\n<p>De acordo com o professor Leonardo Marques, diretor da Alumni Coppead\/UFRJ, o projeto Coppera \u00e9 uma plataforma de financiamento coletivo, onde formandos procuram fornecer uma bolsa de estudo integral para o aluno que n\u00e3o tenha condi\u00e7\u00f5es financeiras de arcar com despesas enquanto se dedica ao mestrado. \u201cO projeto refor\u00e7a a miss\u00e3o do Coppead\/UFRJ em desenvolver o pa\u00eds\u201d, afirma o professor e coordenador do projeto, acrescentando que ao especializar com excel\u00eancia executivos e pesquisadores em administra\u00e7\u00e3o que ocupam ou ocupar\u00e3o posi\u00e7\u00f5es relevantes em organiza\u00e7\u00f5es p\u00fablicas e privadas do Brasil, a escola de neg\u00f3cios da UFRJ cumpre seu papel na sociedade brasileira.<\/p>\n<p>Segundo ele, neste primeiro momento, o Coppera vai beneficiar at\u00e9 tr\u00eas alunos do Full-Time MBA que ir\u00e3o receber uma ajuda de custo mensal de R$ 1.500, enquanto cursar o programa. Esses bolsistas passar\u00e3o por um processo seletivo, de algumas etapas, entre elas a comprova\u00e7\u00e3o de restri\u00e7\u00f5es financeiras para cursar o programa. \u201cNada melhor do que auxiliar pessoas com alto potencial e que ser\u00e3o futuros l\u00edderes de nossas organiza\u00e7\u00f5es. \u201cEssa \u00e9 uma forma de ajudar talentos no sonho de obter o t\u00edtulo de mestre em uma institui\u00e7\u00e3o de ponta. Estamos motivados para em breve ampliar essa a\u00e7\u00e3o\u201d, conclui Marques.<\/p>\n<p>Mais informa\u00e7\u00f5es acesse: https:\/\/coppera.alumnicoppead.com.br\/#apoiadores<\/p>\n","protected":false},"excerpt":{"rendered":"<p>A Alumni Coppead\/UFRJ est\u00e1 divulgando o projeto Coppera, uma plataforma de financiamento coletivo, onde formandos procuram fornecer uma bolsa de estudo integral para o aluno que n\u00e3o tenha condi\u00e7\u00f5es financeiras de arcar com despesas enquanto se dedica ao mestrado. \u00c9 uma medida de coopera\u00e7\u00e3o in\u00e9dita Um dos valores do Coppead\/UFRJ, \u00fanica institui\u00e7\u00e3o do pa\u00eds ligada a uma universidade p\u00fablica a [&hellip;]<\/p>\n","protected":false},"author":27,"featured_media":0,"comment_status":"open","ping_status":"closed","sticky":false,"template":"","format":"standard","meta":{"footnotes":""},"categories":[2719],"tags":[13742,1442,792,11705,4777,3363,131,1178,3355,235,4336,1163,13743,109,13744,3362,4443,13746,10847,13745,424,3472,3864,147,165,358,7455,3734,5195],"class_list":["post-10730","post","type-post","status-publish","format-standard","hentry","category-servidor","tag-alumni-coppead","tag-alunos","tag-apoio","tag-arrecada","tag-bolsas","tag-coletivo","tag-contribuicao","tag-cooperacao","tag-desenvolvimento","tag-despesas","tag-escola","tag-estudantes","tag-estudo-integral","tag-executiva","tag-financial-times","tag-financiamento","tag-formacao","tag-full-time","tag-inedita","tag-mba","tag-mestrado","tag-negocios","tag-plataforma","tag-publica","tag-ranking","tag-renda","tag-talentos","tag-ufrj","tag-universidade"],"_links":{"self":[{"href":"https:\/\/blogs.correiobraziliense.com.br\/servidor\/wp-json\/wp\/v2\/posts\/10730","targetHints":{"allow":["GET"]}}],"collection":[{"href":"https:\/\/blogs.correiobraziliense.com.br\/servidor\/wp-json\/wp\/v2\/posts"}],"about":[{"href":"https:\/\/blogs.correiobraziliense.com.br\/servidor\/wp-json\/wp\/v2\/types\/post"}],"author":[{"embeddable":true,"href":"https:\/\/blogs.correiobraziliense.com.br\/servidor\/wp-json\/wp\/v2\/users\/27"}],"replies":[{"embeddable":true,"href":"https:\/\/blogs.correiobraziliense.com.br\/servidor\/wp-json\/wp\/v2\/comments?post=10730"}],"version-history":[{"count":1,"href":"https:\/\/blogs.correiobraziliense.com.br\/servidor\/wp-json\/wp\/v2\/posts\/10730\/revisions"}],"predecessor-version":[{"id":10731,"href":"https:\/\/blogs.correiobraziliense.com.br\/servidor\/wp-json\/wp\/v2\/posts\/10730\/revisions\/10731"}],"wp:attachment":[{"href":"https:\/\/blogs.correiobraziliense.com.br\/servidor\/wp-json\/wp\/v2\/media?parent=10730"}],"wp:term":[{"taxonomy":"category","embeddable":true,"href":"https:\/\/blogs.correiobraziliense.com.br\/servidor\/wp-json\/wp\/v2\/categories?post=10730"},{"taxonomy":"post_tag","embeddable":true,"href":"https:\/\/blogs.correiobraziliense.com.br\/servidor\/wp-json\/wp\/v2\/tags?post=10730"}],"curies":[{"name":"wp","href":"https:\/\/api.w.org\/{rel}","templated":true}]}}