{"id":10718,"date":"2018-10-22T15:05:17","date_gmt":"2018-10-22T17:05:17","guid":{"rendered":"https:\/\/blogs.correiobraziliense.com.br\/servidor\/?p=10718"},"modified":"2018-10-22T15:05:17","modified_gmt":"2018-10-22T17:05:17","slug":"forca-aerea-brasileira-celebra-dia-do-aviador-nesta-terca-feira-23-10","status":"publish","type":"post","link":"https:\/\/blogs.correiobraziliense.com.br\/servidor\/forca-aerea-brasileira-celebra-dia-do-aviador-nesta-terca-feira-23-10\/","title":{"rendered":"For\u00e7a A\u00e9rea Brasileira celebra Dia do Aviador nesta ter\u00e7a-feira (23\/10"},"content":{"rendered":"<p><em>O Comando da Aeron\u00e1utica celebra nesta ter\u00e7a-feira (23\/10) o Dia do Aviador e da For\u00e7a A\u00e9rea Brasileira (FAB). A data marca os 112 anos do primeiro voo do 14 Bis, em 1906, por Alberto Santos Dumont no Campo de Campo de Bagatelle, em Paris<\/em><\/p>\n<p>Na capital federal, as celebra\u00e7\u00f5es ser\u00e3o na Ala 1 (Base A\u00e9rea de Bras\u00edlia), \u00e0s 10h30, com as presen\u00e7as do presidente da Rep\u00fablica, do ministro da Defesa e do comandante da Aeron\u00e1utica. Haver\u00e1 sobrevoo de aeronaves da FAB e do KC-390 durante a cerim\u00f4nia.<\/p>\n<p>De acordo com informa\u00e7\u00f5es da Aeron\u00e1utica, durante o evento ser\u00e1 realizada a imposi\u00e7\u00e3o da Ordem do M\u00e9rito Aeron\u00e1utico (OMA). Neste ano, afirma a Aeron\u00e1utica, a mais importante condecora\u00e7\u00e3o da FAB ser\u00e1 destinada a 505 agraciados, sendo 63 no exterior. No Distrito Federal (DF), ser\u00e3o agraciadas 232 pessoas.<\/p>\n<p>A Ordem do M\u00e9rito Aeron\u00e1utico \u00e9 concedida pela FAB a personalidades civis e militares, brasileiras ou estrangeiras, por terem se destacado no exerc\u00edcio da sua profiss\u00e3o ou em reconhecimento aos servi\u00e7os prestados ao Pa\u00eds. A distin\u00e7\u00e3o pode ser concedida em cinco graus: Gr\u00e3-Cruz, Grande-Oficial, Comendador, Oficial e Cavaleiro.<\/p>\n<p><strong>Hist\u00f3ria<\/strong><\/p>\n<p>O Dia do Aviador e da For\u00e7a A\u00e9rea Brasileira, celebrados em 23 de outubro, rememora o primeiro voo do 14 Bis realizado por Alberto Santos Dumont. O voo do aparelho mais pesado do que o ar ocorreu em 1906, no Campo de Bagatelle, em Paris. O 14 Bis percorreu 60 metros em sete segundos, voando a dois metros do solo perante a Comiss\u00e3o Oficial do Aeroclube da Fran\u00e7a (institui\u00e7\u00e3o de reconhecimento internacional autorizada a homologar descoberta aeron\u00e1utica marcante) e mais de mil espectadores.<\/p>\n<p><strong>Servi\u00e7o<\/strong>:<\/p>\n<p>Evento: Dia do Aviador e da For\u00e7a A\u00e9rea Brasileira<br \/>\nLocal: Ala 1 (Base A\u00e9rea de Bras\u00edlia). Setor Militar do Aeroporto Internacional de Bras\u00edlia.<br \/>\nData e Hor\u00e1rio: ter\u00e7a-feira (23\/10), \u00e0s 10h30.<\/p>\n","protected":false},"excerpt":{"rendered":"<p>O Comando da Aeron\u00e1utica celebra nesta ter\u00e7a-feira (23\/10) o Dia do Aviador e da For\u00e7a A\u00e9rea Brasileira (FAB). A data marca os 112 anos do primeiro voo do 14 Bis, em 1906, por Alberto Santos Dumont no Campo de Campo de Bagatelle, em Paris Na capital federal, as celebra\u00e7\u00f5es ser\u00e3o na Ala 1 (Base A\u00e9rea de Bras\u00edlia), \u00e0s 10h30, com [&hellip;]<\/p>\n","protected":false},"author":27,"featured_media":0,"comment_status":"open","ping_status":"closed","sticky":false,"template":"","format":"standard","meta":{"footnotes":""},"categories":[2719],"tags":[4887,1035,13734,7723,4791,13733,51,13736,13735,4167,3923],"class_list":["post-10718","post","type-post","status-publish","format-standard","hentry","category-servidor","tag-brasileiras","tag-civis","tag-dia-do-aviador","tag-distincao","tag-estrangeiras","tag-forca-aerea-brasileira","tag-militares","tag-oma","tag-ordem-do-merito-aeronautico","tag-personalidades","tag-reconhecimento"],"_links":{"self":[{"href":"https:\/\/blogs.correiobraziliense.com.br\/servidor\/wp-json\/wp\/v2\/posts\/10718","targetHints":{"allow":["GET"]}}],"collection":[{"href":"https:\/\/blogs.correiobraziliense.com.br\/servidor\/wp-json\/wp\/v2\/posts"}],"about":[{"href":"https:\/\/blogs.correiobraziliense.com.br\/servidor\/wp-json\/wp\/v2\/types\/post"}],"author":[{"embeddable":true,"href":"https:\/\/blogs.correiobraziliense.com.br\/servidor\/wp-json\/wp\/v2\/users\/27"}],"replies":[{"embeddable":true,"href":"https:\/\/blogs.correiobraziliense.com.br\/servidor\/wp-json\/wp\/v2\/comments?post=10718"}],"version-history":[{"count":1,"href":"https:\/\/blogs.correiobraziliense.com.br\/servidor\/wp-json\/wp\/v2\/posts\/10718\/revisions"}],"predecessor-version":[{"id":10719,"href":"https:\/\/blogs.correiobraziliense.com.br\/servidor\/wp-json\/wp\/v2\/posts\/10718\/revisions\/10719"}],"wp:attachment":[{"href":"https:\/\/blogs.correiobraziliense.com.br\/servidor\/wp-json\/wp\/v2\/media?parent=10718"}],"wp:term":[{"taxonomy":"category","embeddable":true,"href":"https:\/\/blogs.correiobraziliense.com.br\/servidor\/wp-json\/wp\/v2\/categories?post=10718"},{"taxonomy":"post_tag","embeddable":true,"href":"https:\/\/blogs.correiobraziliense.com.br\/servidor\/wp-json\/wp\/v2\/tags?post=10718"}],"curies":[{"name":"wp","href":"https:\/\/api.w.org\/{rel}","templated":true}]}}