{"id":10716,"date":"2018-10-22T14:54:57","date_gmt":"2018-10-22T16:54:57","guid":{"rendered":"https:\/\/blogs.correiobraziliense.com.br\/servidor\/?p=10716"},"modified":"2018-10-22T14:54:57","modified_gmt":"2018-10-22T16:54:57","slug":"ajufe-contra-ameacas-a-democracia","status":"publish","type":"post","link":"https:\/\/blogs.correiobraziliense.com.br\/servidor\/ajufe-contra-ameacas-a-democracia\/","title":{"rendered":"Ajufe &#8211; contra amea\u00e7as \u00e0 democracia"},"content":{"rendered":"<p><em>Manifesta\u00e7\u00e3o do presidente da Associa\u00e7\u00e3o dos Ju\u00edzes Federais do Brasil (Ajufe), Fernando Mendes, acerca de declara\u00e7\u00f5es de integrantes das campanhas dos dois presidenci\u00e1veis que amea\u00e7am a democracia brasileira e causam preocupa\u00e7\u00e3o nos magistrados federais. &#8220;Os magistrados e magistradas federais v\u00e3o cobrar, de forma intransigente, o respeito \u00e0s leis, ao Poder Judici\u00e1rio e a defesa dos preceitos consagrados na Constitui\u00e7\u00e3o Federal de qualquer um que venha a ser eleito para comandar o pa\u00eds&#8221;, afirma Mende<\/em>s<\/p>\n<p>\u201cNesse momento em que o Brasil assiste a uma disputa pol\u00edtica acirrada e polarizada pela Presid\u00eancia da Rep\u00fablica, com atitudes radicais e declara\u00e7\u00f5es irrespons\u00e1veis por parte dos apoiadores das duas candidaturas, fica evidente o desrespeito ao Estado Democr\u00e1tico de Direito e a pr\u00f3pria popula\u00e7\u00e3o brasileira. A Associa\u00e7\u00e3o dos Ju\u00edzes Federais (Ajufe) espera dos candidatos e integrantes das campanhas, no m\u00ednimo, mais equil\u00edbrio, serenidade e uma postura de respeito institucional. N\u00e3o h\u00e1 caminho poss\u00edvel fora da democracia e da ordem constitucional. Os magistrados e magistradas federais v\u00e3o cobrar, de forma intransigente, o respeito \u00e0s leis, ao Poder Judici\u00e1rio e a defesa dos preceitos consagrados na Constitui\u00e7\u00e3o Federal de qualquer um que venha a ser eleito para comandar o pa\u00eds.\u201d<\/p>\n<p>Fernando Mendes, presidente da Ajufe<\/p>\n","protected":false},"excerpt":{"rendered":"<p>Manifesta\u00e7\u00e3o do presidente da Associa\u00e7\u00e3o dos Ju\u00edzes Federais do Brasil (Ajufe), Fernando Mendes, acerca de declara\u00e7\u00f5es de integrantes das campanhas dos dois presidenci\u00e1veis que amea\u00e7am a democracia brasileira e causam preocupa\u00e7\u00e3o nos magistrados federais. &#8220;Os magistrados e magistradas federais v\u00e3o cobrar, de forma intransigente, o respeito \u00e0s leis, ao Poder Judici\u00e1rio e a defesa dos preceitos consagrados na Constitui\u00e7\u00e3o Federal [&hellip;]<\/p>\n","protected":false},"author":27,"featured_media":0,"comment_status":"open","ping_status":"closed","sticky":false,"template":"","format":"standard","meta":{"footnotes":""},"categories":[2719],"tags":[1405,8166,2584,1218,1201,4053,13570,5032,621,1151,1137,12810,1337],"class_list":["post-10716","post","type-post","status-publish","format-standard","hentry","category-servidor","tag-ajufe","tag-campanhas","tag-constituicao","tag-declaracoes","tag-defesa","tag-democracia","tag-eleito","tag-leis","tag-magistrados","tag-manifestacao","tag-poder-judiciario","tag-presidenciaveis","tag-respeito"],"_links":{"self":[{"href":"https:\/\/blogs.correiobraziliense.com.br\/servidor\/wp-json\/wp\/v2\/posts\/10716","targetHints":{"allow":["GET"]}}],"collection":[{"href":"https:\/\/blogs.correiobraziliense.com.br\/servidor\/wp-json\/wp\/v2\/posts"}],"about":[{"href":"https:\/\/blogs.correiobraziliense.com.br\/servidor\/wp-json\/wp\/v2\/types\/post"}],"author":[{"embeddable":true,"href":"https:\/\/blogs.correiobraziliense.com.br\/servidor\/wp-json\/wp\/v2\/users\/27"}],"replies":[{"embeddable":true,"href":"https:\/\/blogs.correiobraziliense.com.br\/servidor\/wp-json\/wp\/v2\/comments?post=10716"}],"version-history":[{"count":1,"href":"https:\/\/blogs.correiobraziliense.com.br\/servidor\/wp-json\/wp\/v2\/posts\/10716\/revisions"}],"predecessor-version":[{"id":10717,"href":"https:\/\/blogs.correiobraziliense.com.br\/servidor\/wp-json\/wp\/v2\/posts\/10716\/revisions\/10717"}],"wp:attachment":[{"href":"https:\/\/blogs.correiobraziliense.com.br\/servidor\/wp-json\/wp\/v2\/media?parent=10716"}],"wp:term":[{"taxonomy":"category","embeddable":true,"href":"https:\/\/blogs.correiobraziliense.com.br\/servidor\/wp-json\/wp\/v2\/categories?post=10716"},{"taxonomy":"post_tag","embeddable":true,"href":"https:\/\/blogs.correiobraziliense.com.br\/servidor\/wp-json\/wp\/v2\/tags?post=10716"}],"curies":[{"name":"wp","href":"https:\/\/api.w.org\/{rel}","templated":true}]}}