{"id":10712,"date":"2018-10-22T13:24:10","date_gmt":"2018-10-22T15:24:10","guid":{"rendered":"https:\/\/blogs.correiobraziliense.com.br\/servidor\/?p=10712"},"modified":"2018-10-22T13:24:10","modified_gmt":"2018-10-22T15:24:10","slug":"fenajud-cobra-tse-contra-fakenews-em-processo-eleitoral","status":"publish","type":"post","link":"https:\/\/blogs.correiobraziliense.com.br\/servidor\/fenajud-cobra-tse-contra-fakenews-em-processo-eleitoral\/","title":{"rendered":"Fenajud cobra TSE contra fakenews em processo eleitoral"},"content":{"rendered":"<p><em>A Federa\u00e7\u00e3o Nacional dos Trabalhadores do Judici\u00e1rio nos Estados (Fenajud), que representa a classe em todo Brasil, h\u00e1 mais de 28 anos, reafirma o compromisso com as pautas da categoria, e vem a p\u00fablico cobrar uma atitude clara e contundente do Tribunal Superior Eleitoral (TSE), sobre a grave den\u00fancia de propaga\u00e7\u00e3o de fakenews (not\u00edcias falsas)- como forma de tentar influenciar o resultado das elei\u00e7\u00f5es presidenciais de 2018<\/em><\/p>\n<p>A Fenajud cita o caso divulgado na quinta-feira (18) por um jornal de circula\u00e7\u00e3o nacional. No conte\u00fado o peri\u00f3dico aponta que empres\u00e1rios pagaram milh\u00f5es de reais para a compra de \u201cpacotes\u201d de mensagens contra um dos candidatos do segundo turno do pleito. Nas mensagens, constavam informa\u00e7\u00f5es formatadas, segundo o ve\u00edculo, na tentativa de prejudicar o advers\u00e1rio pol\u00edtico.<\/p>\n<p>A Federa\u00e7\u00e3o lembra as autoridades que a a\u00e7\u00e3o \u00e9 crime eleitoral pois, desde 2016, o Supremo Tribunal Federal (STF) pro\u00edbe a utiliza\u00e7\u00e3o de dinheiro de empresas em campanhas eleitorais, configurando assim pr\u00e1tica de caixa dois, pois os recursos n\u00e3o foram devidamente declarados.<\/p>\n<p>Diante disso, a Fenajud aponta ainda que \u00e9 necess\u00e1rio que a Justi\u00e7a Eleitoral \u2013 respons\u00e1vel por organizar, fiscalizar e realizar as elei\u00e7\u00f5es regulamentando o processo eleitoral, examinando as contas de partidos e candidatos em campanhas, controlando o cumprimento da legisla\u00e7\u00e3o pertinente em per\u00edodo eleitoral e julgando os processos relacionados as elei\u00e7\u00f5es \u2013 exer\u00e7a suas fun\u00e7\u00f5es como tal.<\/p>\n<p>A dire\u00e7\u00e3o colegiada entende que \u00e9 de suma import\u00e2ncia que o processo eleitoral seja o mais transparente, seguro e democr\u00e1tico poss\u00edvel. Assim, a entidade exige que o judici\u00e1rio verifique a situa\u00e7\u00e3o, investigue e realize todos os mecanismos para garantir a normalidade dos pleitos, a seguran\u00e7a do voto e a liberdade democr\u00e1tica.<\/p>\n<p>A entidade reitera que \u00e9 apartid\u00e1ria, n\u00e3o permitindo qualquer forma de aparelhamento pol\u00edtico. E finaliza reafirmando o compromisso com a categoria e com a democracia, pois acredita que n\u00e3o h\u00e1 luta sindical em regimes de exce\u00e7\u00e3o e ambientes autorit\u00e1rios firmados sob inverdades.<\/p>\n","protected":false},"excerpt":{"rendered":"<p>A Federa\u00e7\u00e3o Nacional dos Trabalhadores do Judici\u00e1rio nos Estados (Fenajud), que representa a classe em todo Brasil, h\u00e1 mais de 28 anos, reafirma o compromisso com as pautas da categoria, e vem a p\u00fablico cobrar uma atitude clara e contundente do Tribunal Superior Eleitoral (TSE), sobre a grave den\u00fancia de propaga\u00e7\u00e3o de fakenews (not\u00edcias falsas)- como forma de tentar influenciar [&hellip;]<\/p>\n","protected":false},"author":27,"featured_media":0,"comment_status":"open","ping_status":"closed","sticky":false,"template":"","format":"standard","meta":{"footnotes":""},"categories":[2719],"tags":[13730,5966,1935,178,4177,13726,4409,5019,3382,13728,9193,13727,13729,2053],"class_list":["post-10712","post","type-post","status-publish","format-standard","hentry","category-servidor","tag-adversario","tag-apartidaria","tag-autoridades","tag-candidatos","tag-empresarios","tag-fakenews","tag-fenajud","tag-mensagens","tag-milhoes","tag-noticias-falsas","tag-pacotes","tag-processo-eleitoral","tag-segundo-turno","tag-tse"],"_links":{"self":[{"href":"https:\/\/blogs.correiobraziliense.com.br\/servidor\/wp-json\/wp\/v2\/posts\/10712","targetHints":{"allow":["GET"]}}],"collection":[{"href":"https:\/\/blogs.correiobraziliense.com.br\/servidor\/wp-json\/wp\/v2\/posts"}],"about":[{"href":"https:\/\/blogs.correiobraziliense.com.br\/servidor\/wp-json\/wp\/v2\/types\/post"}],"author":[{"embeddable":true,"href":"https:\/\/blogs.correiobraziliense.com.br\/servidor\/wp-json\/wp\/v2\/users\/27"}],"replies":[{"embeddable":true,"href":"https:\/\/blogs.correiobraziliense.com.br\/servidor\/wp-json\/wp\/v2\/comments?post=10712"}],"version-history":[{"count":1,"href":"https:\/\/blogs.correiobraziliense.com.br\/servidor\/wp-json\/wp\/v2\/posts\/10712\/revisions"}],"predecessor-version":[{"id":10713,"href":"https:\/\/blogs.correiobraziliense.com.br\/servidor\/wp-json\/wp\/v2\/posts\/10712\/revisions\/10713"}],"wp:attachment":[{"href":"https:\/\/blogs.correiobraziliense.com.br\/servidor\/wp-json\/wp\/v2\/media?parent=10712"}],"wp:term":[{"taxonomy":"category","embeddable":true,"href":"https:\/\/blogs.correiobraziliense.com.br\/servidor\/wp-json\/wp\/v2\/categories?post=10712"},{"taxonomy":"post_tag","embeddable":true,"href":"https:\/\/blogs.correiobraziliense.com.br\/servidor\/wp-json\/wp\/v2\/tags?post=10712"}],"curies":[{"name":"wp","href":"https:\/\/api.w.org\/{rel}","templated":true}]}}