{"id":10688,"date":"2018-10-17T18:40:01","date_gmt":"2018-10-17T21:40:01","guid":{"rendered":"https:\/\/blogs.correiobraziliense.com.br\/servidor\/?p=10688"},"modified":"2018-10-17T18:40:56","modified_gmt":"2018-10-17T21:40:56","slug":"secretaria-do-patrimonio-da-uniao-cedera-terreno-para-museu-nacional","status":"publish","type":"post","link":"https:\/\/blogs.correiobraziliense.com.br\/servidor\/secretaria-do-patrimonio-da-uniao-cedera-terreno-para-museu-nacional\/","title":{"rendered":"Secretaria do Patrim\u00f4nio da Uni\u00e3o ceder\u00e1 terreno para Museu Nacional"},"content":{"rendered":"<p><em>A \u00e1rea, com 49,3 mil metros quadrados, ser\u00e1 dividida com o Tribunal de Justi\u00e7a do Rio de Janeiro (TJRJ)<\/em><\/p>\n<p>A Secretaria do Patrim\u00f4nio da Uni\u00e3o (SPU), do Minist\u00e9rio do Planejamento, Desenvolvimento e Gest\u00e3o, vai ceder uma \u00e1rea da Uni\u00e3o para o Museu Nacional do Rio de Janeiro retomar suas atividades, ap\u00f3s o inc\u00eandio ocorrido no dia 2 de setembro, informou a assessoria de imprensa. O terreno, com 49,3 mil metros quadrados, est\u00e1 localizado \u00e0 Rua Bartolomeu Gusm\u00e3o, n\u00ba 873 a 1035, em S\u00e3o Crist\u00f3v\u00e3o, RJ. O local abrigar\u00e1, inicialmente, laborat\u00f3rios de pesquisa e centro de visita\u00e7\u00e3o para estudantes. A \u00e1rea ser\u00e1 dividida com o Tribunal de Justi\u00e7a do Rio de Janeiro (TJRJ) que ficar\u00e1 com 10 mil metros quadrados.<\/p>\n<p>A divis\u00e3o da \u00e1rea entre o Museu e o TJRJ foi a solu\u00e7\u00e3o encontrada pelo secret\u00e1rio do Patrim\u00f4nio da Uni\u00e3o, Sidrack Correia, para atender o pedido das duas institui\u00e7\u00f5es. A \u00e1rea j\u00e1 est\u00e1 liberada e ser\u00e1 iniciado o processo para a cess\u00e3o de uso do im\u00f3vel pela Superintend\u00eancia do Patrim\u00f4nio da Uni\u00e3o no Rio de Janeiro (SPU-RJ).<\/p>\n<p>A confirma\u00e7\u00e3o da cess\u00e3o do terreno foi dada nesta quarta-feira (17), pelo secret\u00e1rio Sidrack Correia ao diretor do Museu Nacional, Alexander Kellner, e ao juiz auxiliar da presid\u00eancia do TJRJ, Marcello Rubioli.<\/p>\n<p>Ser\u00e1 firmado um conv\u00eanio de coopera\u00e7\u00e3o t\u00e9cnica entre o Museu e o TJRJ que viabilizar\u00e1 a constru\u00e7\u00e3o dos laborat\u00f3rios e do centro de visita\u00e7\u00e3o. Os cont\u00eaineres, or\u00e7ados em R$ 2,2 milh\u00f5es, ser\u00e3o comprados com recursos do Fundo de Penas Pecuni\u00e1rias do TJRJ que tamb\u00e9m se incumbir\u00e1 de cercar a \u00e1rea. De acordo com o diretor do museu, primeiramente ser\u00e3o montados os laborat\u00f3rios para que os funcion\u00e1rios retomem suas atividades. Em seguida ser\u00e1 constru\u00eddo o centro de visita\u00e7\u00e3o destinado a estudantes do Rio de Janeiro. Segundo Kellner, anualmente o museu recebe 20 mil alunos de 600 escolas.<\/p>\n<p>De acordo com o juiz Marcello Rubioli, a cess\u00e3o do terreno beneficiar\u00e1 n\u00e3o s\u00f3 o museu, mas toda a popula\u00e7\u00e3o da regi\u00e3o. Nele ser\u00e1 instalada a \u00e1rea de transporte do TJRJ que, segundo Rubioli, incrementar\u00e1 o com\u00e9rcio local e auxiliar\u00e1 na reurbaniza\u00e7\u00e3o da \u00e1rea.<\/p>\n","protected":false},"excerpt":{"rendered":"<p>A \u00e1rea, com 49,3 mil metros quadrados, ser\u00e1 dividida com o Tribunal de Justi\u00e7a do Rio de Janeiro (TJRJ) A Secretaria do Patrim\u00f4nio da Uni\u00e3o (SPU), do Minist\u00e9rio do Planejamento, Desenvolvimento e Gest\u00e3o, vai ceder uma \u00e1rea da Uni\u00e3o para o Museu Nacional do Rio de Janeiro retomar suas atividades, ap\u00f3s o inc\u00eandio ocorrido no dia 2 de setembro, informou [&hellip;]<\/p>\n","protected":false},"author":27,"featured_media":0,"comment_status":"open","ping_status":"closed","sticky":false,"template":"","format":"standard","meta":{"footnotes":""},"categories":[2719],"tags":[13706,1163,10605,141,10752,13705,624,5528,5330],"class_list":["post-10688","post","type-post","status-publish","format-standard","hentry","category-servidor","tag-centro-de-visitacao","tag-estudantes","tag-laboratorios","tag-ministerio-do-planejamento","tag-museu-nacional","tag-sao-cristovao","tag-spu","tag-terrenos","tag-tjrj"],"_links":{"self":[{"href":"https:\/\/blogs.correiobraziliense.com.br\/servidor\/wp-json\/wp\/v2\/posts\/10688","targetHints":{"allow":["GET"]}}],"collection":[{"href":"https:\/\/blogs.correiobraziliense.com.br\/servidor\/wp-json\/wp\/v2\/posts"}],"about":[{"href":"https:\/\/blogs.correiobraziliense.com.br\/servidor\/wp-json\/wp\/v2\/types\/post"}],"author":[{"embeddable":true,"href":"https:\/\/blogs.correiobraziliense.com.br\/servidor\/wp-json\/wp\/v2\/users\/27"}],"replies":[{"embeddable":true,"href":"https:\/\/blogs.correiobraziliense.com.br\/servidor\/wp-json\/wp\/v2\/comments?post=10688"}],"version-history":[{"count":1,"href":"https:\/\/blogs.correiobraziliense.com.br\/servidor\/wp-json\/wp\/v2\/posts\/10688\/revisions"}],"predecessor-version":[{"id":10689,"href":"https:\/\/blogs.correiobraziliense.com.br\/servidor\/wp-json\/wp\/v2\/posts\/10688\/revisions\/10689"}],"wp:attachment":[{"href":"https:\/\/blogs.correiobraziliense.com.br\/servidor\/wp-json\/wp\/v2\/media?parent=10688"}],"wp:term":[{"taxonomy":"category","embeddable":true,"href":"https:\/\/blogs.correiobraziliense.com.br\/servidor\/wp-json\/wp\/v2\/categories?post=10688"},{"taxonomy":"post_tag","embeddable":true,"href":"https:\/\/blogs.correiobraziliense.com.br\/servidor\/wp-json\/wp\/v2\/tags?post=10688"}],"curies":[{"name":"wp","href":"https:\/\/api.w.org\/{rel}","templated":true}]}}