{"id":10684,"date":"2018-10-17T15:23:36","date_gmt":"2018-10-17T18:23:36","guid":{"rendered":"https:\/\/blogs.correiobraziliense.com.br\/servidor\/?p=10684"},"modified":"2018-10-17T15:27:17","modified_gmt":"2018-10-17T18:27:17","slug":"senado-aprova-o-nome-do-novo-defensor-publico-geral-federal","status":"publish","type":"post","link":"https:\/\/blogs.correiobraziliense.com.br\/servidor\/senado-aprova-o-nome-do-novo-defensor-publico-geral-federal\/","title":{"rendered":"Senado aprova o nome do novo defensor p\u00fablico- geral federal"},"content":{"rendered":"<p><em>O Senado aprovou, ontem, a indica\u00e7\u00e3o de Gabriel Faria Oliveira para o cargo de defensor p\u00fablico-geral federal. A vota\u00e7\u00e3o pelo Plen\u00e1rio da casa teve 41 votos favor\u00e1veis, duas absten\u00e7\u00f5es e dois votos contr\u00e1rios<\/em><\/p>\n<p><img loading=\"lazy\" decoding=\"async\" class=\"size-full wp-image-10686 aligncenter\" src=\"https:\/\/blogs.correiobraziliense.com.br\/servidor\/wp-content\/uploads\/sites\/10\/2018\/10\/Gabriel-Faria-de-Oliveira.jpg\" alt=\"\" width=\"860\" height=\"570\" srcset=\"https:\/\/blogs.correiobraziliense.com.br\/servidor\/wp-content\/uploads\/sites\/10\/2018\/10\/Gabriel-Faria-de-Oliveira.jpg 860w, https:\/\/blogs.correiobraziliense.com.br\/servidor\/wp-content\/uploads\/sites\/10\/2018\/10\/Gabriel-Faria-de-Oliveira-300x199.jpg 300w, https:\/\/blogs.correiobraziliense.com.br\/servidor\/wp-content\/uploads\/sites\/10\/2018\/10\/Gabriel-Faria-de-Oliveira-768x509.jpg 768w, https:\/\/blogs.correiobraziliense.com.br\/servidor\/wp-content\/uploads\/sites\/10\/2018\/10\/Gabriel-Faria-de-Oliveira-350x232.jpg 350w, https:\/\/blogs.correiobraziliense.com.br\/servidor\/wp-content\/uploads\/sites\/10\/2018\/10\/Gabriel-Faria-de-Oliveira-550x365.jpg 550w, https:\/\/blogs.correiobraziliense.com.br\/servidor\/wp-content\/uploads\/sites\/10\/2018\/10\/Gabriel-Faria-de-Oliveira-230x152.jpg 230w\" sizes=\"auto, (max-width: 860px) 100vw, 860px\" \/><\/p>\n<p>Gabriel Faria atuava como defensor p\u00fablico federal em Santa Catarina (SC) e teve sua indica\u00e7\u00e3o submetida ao Senado pela Presid\u00eancia da Rep\u00fablica no dia 3 de julho deste ano. Foi sabatinado e aprovado pela Comiss\u00e3o de Constitui\u00e7\u00e3o, Justi\u00e7a e Cidadania (CCJ), em setembro, e aguardava aprova\u00e7\u00e3o final do Plen\u00e1rio do Senado Federal. Gabriel Faria Oliveira substituir\u00e1 Carlos Eduardo Barbosa Paz no cargo m\u00e1ximo na administra\u00e7\u00e3o da Defensoria P\u00fablica da Uni\u00e3o. O mandato tem dura\u00e7\u00e3o de dois anos.<\/p>\n<p>O presidente da Anadef, Igor Roque, acompanhou todo o processo de vota\u00e7\u00e3o e ressaltou a import\u00e2ncia na agilidade da nomea\u00e7\u00e3o pelo Presidente da Rep\u00fablica, visando o fortalecimento da DPU no cumprimento de sua miss\u00e3o constitucional.<\/p>\n","protected":false},"excerpt":{"rendered":"<p>O Senado aprovou, ontem, a indica\u00e7\u00e3o de Gabriel Faria Oliveira para o cargo de defensor p\u00fablico-geral federal. A vota\u00e7\u00e3o pelo Plen\u00e1rio da casa teve 41 votos favor\u00e1veis, duas absten\u00e7\u00f5es e dois votos contr\u00e1rios Gabriel Faria atuava como defensor p\u00fablico federal em Santa Catarina (SC) e teve sua indica\u00e7\u00e3o submetida ao Senado pela Presid\u00eancia da Rep\u00fablica no dia 3 de julho [&hellip;]<\/p>\n","protected":false},"author":27,"featured_media":0,"comment_status":"open","ping_status":"closed","sticky":false,"template":"","format":"standard","meta":{"footnotes":""},"categories":[2719],"tags":[1566,2187,13703,2789,13704,2776,5036,5829],"class_list":["post-10684","post","type-post","status-publish","format-standard","hentry","category-servidor","tag-aprova","tag-ccj","tag-defensor-publico-geral-federal","tag-dpu","tag-gabriel-faria-de-oliveira","tag-plenario","tag-sabatinado","tag-votos"],"_links":{"self":[{"href":"https:\/\/blogs.correiobraziliense.com.br\/servidor\/wp-json\/wp\/v2\/posts\/10684","targetHints":{"allow":["GET"]}}],"collection":[{"href":"https:\/\/blogs.correiobraziliense.com.br\/servidor\/wp-json\/wp\/v2\/posts"}],"about":[{"href":"https:\/\/blogs.correiobraziliense.com.br\/servidor\/wp-json\/wp\/v2\/types\/post"}],"author":[{"embeddable":true,"href":"https:\/\/blogs.correiobraziliense.com.br\/servidor\/wp-json\/wp\/v2\/users\/27"}],"replies":[{"embeddable":true,"href":"https:\/\/blogs.correiobraziliense.com.br\/servidor\/wp-json\/wp\/v2\/comments?post=10684"}],"version-history":[{"count":2,"href":"https:\/\/blogs.correiobraziliense.com.br\/servidor\/wp-json\/wp\/v2\/posts\/10684\/revisions"}],"predecessor-version":[{"id":10687,"href":"https:\/\/blogs.correiobraziliense.com.br\/servidor\/wp-json\/wp\/v2\/posts\/10684\/revisions\/10687"}],"wp:attachment":[{"href":"https:\/\/blogs.correiobraziliense.com.br\/servidor\/wp-json\/wp\/v2\/media?parent=10684"}],"wp:term":[{"taxonomy":"category","embeddable":true,"href":"https:\/\/blogs.correiobraziliense.com.br\/servidor\/wp-json\/wp\/v2\/categories?post=10684"},{"taxonomy":"post_tag","embeddable":true,"href":"https:\/\/blogs.correiobraziliense.com.br\/servidor\/wp-json\/wp\/v2\/tags?post=10684"}],"curies":[{"name":"wp","href":"https:\/\/api.w.org\/{rel}","templated":true}]}}