{"id":10665,"date":"2018-10-17T12:07:51","date_gmt":"2018-10-17T15:07:51","guid":{"rendered":"https:\/\/blogs.correiobraziliense.com.br\/servidor\/?p=10665"},"modified":"2018-10-17T12:07:51","modified_gmt":"2018-10-17T15:07:51","slug":"ministerio-da-educacao-libera-r-19054-milhoes-para-universidades-e-institutos-federais","status":"publish","type":"post","link":"https:\/\/blogs.correiobraziliense.com.br\/servidor\/ministerio-da-educacao-libera-r-19054-milhoes-para-universidades-e-institutos-federais\/","title":{"rendered":"Minist\u00e9rio da Educa\u00e7\u00e3o libera R$ 190,54 milh\u00f5es para universidades e institutos federais"},"content":{"rendered":"<p><em>O Minist\u00e9rio da Educa\u00e7\u00e3o repassou, no in\u00edcio da semana, recursos financeiros na ordem de R$ 190,54 milh\u00f5es \u00e0s institui\u00e7\u00f5es federais de ensino vinculadas \u00e0 pasta. Os valores ser\u00e3o aplicados na manuten\u00e7\u00e3o, custeio e pagamento de assist\u00eancia estudantil, entre outros servi\u00e7os.<\/em><\/p>\n<p>A maior parte dos recursos, R$ 128,77 milh\u00f5es, ser\u00e1 destinada \u00e0s universidades federais, incluindo repasses para hospitais universit\u00e1rios. J\u00e1 a rede federal de educa\u00e7\u00e3o profissional, cient\u00edfica e tecnol\u00f3gica receber\u00e1 R$ 59,34 milh\u00f5es. O restante, R$ 2,43 milh\u00f5es, ser\u00e1 repassado ao Instituto Nacional de Educa\u00e7\u00e3o de Surdos (Ines), ao Instituto Benjamin Constant (IBC) e \u00e0 Funda\u00e7\u00e3o Joaquim Nabuco (Fundaj).<\/p>\n<p>Este ano, o MEC autorizou o repasse de R$ 5,91 bilh\u00f5es para as institui\u00e7\u00f5es federais vinculadas \u00e0 pasta, incluindo o que foi destinado ao pagamento de despesas das universidades e institutos federais, do Ines, do IBC e da Fundaj.<\/p>\n<p><em>Fonte: Assessoria de Comunica\u00e7\u00e3o Social<\/em><\/p>\n","protected":false},"excerpt":{"rendered":"<p>O Minist\u00e9rio da Educa\u00e7\u00e3o repassou, no in\u00edcio da semana, recursos financeiros na ordem de R$ 190,54 milh\u00f5es \u00e0s institui\u00e7\u00f5es federais de ensino vinculadas \u00e0 pasta. Os valores ser\u00e3o aplicados na manuten\u00e7\u00e3o, custeio e pagamento de assist\u00eancia estudantil, entre outros servi\u00e7os. A maior parte dos recursos, R$ 128,77 milh\u00f5es, ser\u00e1 destinada \u00e0s universidades federais, incluindo repasses para hospitais universit\u00e1rios. J\u00e1 a [&hellip;]<\/p>\n","protected":false},"author":27,"featured_media":0,"comment_status":"open","ping_status":"closed","sticky":false,"template":"","format":"standard","meta":{"footnotes":""},"categories":[2719],"tags":[13698,236,13696,1778,392,5957,13697,6012],"class_list":["post-10665","post","type-post","status-publish","format-standard","hentry","category-servidor","tag-assistencia-estudantil","tag-custeio","tag-institutos-federais","tag-manutencao","tag-mec","tag-ministerio-da-educacao","tag-recursos-financeiros","tag-universidades"],"_links":{"self":[{"href":"https:\/\/blogs.correiobraziliense.com.br\/servidor\/wp-json\/wp\/v2\/posts\/10665","targetHints":{"allow":["GET"]}}],"collection":[{"href":"https:\/\/blogs.correiobraziliense.com.br\/servidor\/wp-json\/wp\/v2\/posts"}],"about":[{"href":"https:\/\/blogs.correiobraziliense.com.br\/servidor\/wp-json\/wp\/v2\/types\/post"}],"author":[{"embeddable":true,"href":"https:\/\/blogs.correiobraziliense.com.br\/servidor\/wp-json\/wp\/v2\/users\/27"}],"replies":[{"embeddable":true,"href":"https:\/\/blogs.correiobraziliense.com.br\/servidor\/wp-json\/wp\/v2\/comments?post=10665"}],"version-history":[{"count":1,"href":"https:\/\/blogs.correiobraziliense.com.br\/servidor\/wp-json\/wp\/v2\/posts\/10665\/revisions"}],"predecessor-version":[{"id":10666,"href":"https:\/\/blogs.correiobraziliense.com.br\/servidor\/wp-json\/wp\/v2\/posts\/10665\/revisions\/10666"}],"wp:attachment":[{"href":"https:\/\/blogs.correiobraziliense.com.br\/servidor\/wp-json\/wp\/v2\/media?parent=10665"}],"wp:term":[{"taxonomy":"category","embeddable":true,"href":"https:\/\/blogs.correiobraziliense.com.br\/servidor\/wp-json\/wp\/v2\/categories?post=10665"},{"taxonomy":"post_tag","embeddable":true,"href":"https:\/\/blogs.correiobraziliense.com.br\/servidor\/wp-json\/wp\/v2\/tags?post=10665"}],"curies":[{"name":"wp","href":"https:\/\/api.w.org\/{rel}","templated":true}]}}