{"id":10663,"date":"2018-10-17T12:02:32","date_gmt":"2018-10-17T15:02:32","guid":{"rendered":"https:\/\/blogs.correiobraziliense.com.br\/servidor\/?p=10663"},"modified":"2018-10-17T12:02:32","modified_gmt":"2018-10-17T15:02:32","slug":"anpr-seminario-sobre-liberdade-de-expressao-dos-membros-do-mp-2","status":"publish","type":"post","link":"https:\/\/blogs.correiobraziliense.com.br\/servidor\/anpr-seminario-sobre-liberdade-de-expressao-dos-membros-do-mp-2\/","title":{"rendered":"ANPR &#8211; semin\u00e1rio sobre a liberdade de express\u00e3o dos membros do MP"},"content":{"rendered":"<p><em>A Associa\u00e7\u00e3o Nacional dos Procuradores da Rep\u00fablica (ANPR) far\u00e1, nesta quinta-feira (18), o semin\u00e1rio Minist\u00e9rio P\u00fablico e a Liberdade de Express\u00e3o. Especialistas, jornalistas e membros do Minist\u00e9rio P\u00fablico Brasileiro participam de um debate sobre legisla\u00e7\u00e3o, filosofia, \u00e9tica e limites do uso das redes sociais no exerc\u00edcio da liberdade de express\u00e3o, das 9h \u00e0s 18h, no Memorial do Minist\u00e9rio P\u00fablico Federal (MPF), na sede da Procuradoria-Geral da Rep\u00fablica, em Bras\u00edlia (DF)<\/em><\/p>\n<p>O semin\u00e1rio, de acordo com a ANPR, tem o objetivo de discutir a rela\u00e7\u00e3o entre a Corregedoria Nacional e a liberdade dos membros do MP fazerem cr\u00edticas, por meio da imprensa ou em redes sociais, sobre atos de autoridades p\u00fablicas, diante da instaura\u00e7\u00e3o de reclama\u00e7\u00f5es e processos administrativos disciplinares no Conselho Nacional do Minist\u00e9rio P\u00fablico (CNMP) por supostas viola\u00e7\u00f5es de dever funcional de promotores de Justi\u00e7a e procuradores da Rep\u00fablica.<\/p>\n<p>O primeiro painel tratar\u00e1 da vis\u00e3o da imprensa sobre a liberdade de express\u00e3o do Minist\u00e9rio P\u00fablico. Em seguida, especialistas falar\u00e3o sobre a filosofia e a \u00e9tica da liberdade de express\u00e3o. Ao final, procuradores ir\u00e3o discutir os limites do livre manifestar dos membros do MP.<\/p>\n<p>Nos \u00faltimos meses, a ANPR tem defendido, por meio de notas p\u00fablicas e portarias, o direito da livre manifesta\u00e7\u00e3o e da independ\u00eancia funcional dos membros do MP. A Associa\u00e7\u00e3o entende que o que est\u00e1 sendo falado por meio de entrevistas e nas redes sociais faz parte do direito de express\u00e3o que os procuradores t\u00eam como cidad\u00e3os.<\/p>\n<p>\u201cCr\u00edticas p\u00fablicas sobre a atua\u00e7\u00e3o de autoridades ou institui\u00e7\u00f5es somente podem ser consideradas ileg\u00edtimas numa democracia quando utilizadas com o manifesto prop\u00f3sito de ofender pessoalmente ou de imputar falsa conduta aos destinat\u00e1rios. O respeito \u00e0s institui\u00e7\u00f5es n\u00e3o se confunde com a aus\u00eancia de cr\u00edticas. Nenhuma institui\u00e7\u00e3o humana est\u00e1 infensa a erros e a cr\u00edtica e o debate \u00e9 que as levar\u00e3o a progredir\u201d, destaca trecho de manifesto p\u00fablico elaborado por procuradores da Rep\u00fablica.\u00a0Clique\u00a0<a href=\"http:\/\/bit.ly\/libexpressao\" target=\"_blank\">aqui<\/a> para ver o documento.<\/p>\n<p>O evento ser\u00e1 transmitido ao vivo pela TVMPF. O link ser\u00e1 disponibilizado nas redes sociais da ANPR no dia do evento.<\/p>\n<p>Confira\u00a0<a href=\"http:\/\/anpr.org.br\/assets\/uploads\/files\/noticias\/2018\/10_Outubro\/programacao-libexpressao\" target=\"_blank\">aqui<\/a>\u00a0a programa\u00e7\u00e3o<\/p>\n<p><strong>Servi\u00e7o<\/strong><\/p>\n<p>Minist\u00e9rio P\u00fablico e a Liberdade de Express\u00e3o<\/p>\n<p>Data: 18 de outubro de 2018 (quinta-feira)<\/p>\n<p>Hor\u00e1rio: Das 9h \u00e0s 18h<\/p>\n<p>Local: Memorial do Minist\u00e9rio P\u00fablico Federal (MPF), na sede da Procuradoria-Geral da Rep\u00fablica<\/p>\n<p>Favor confirmar presen\u00e7a at\u00e9 17 de outubro pelo e-mail imprensa@anpr.org.br<\/p>\n<p>Mais informa\u00e7\u00f5es: (61) 3961-9015 \/ (61) 99959-7158<\/p>\n","protected":false},"excerpt":{"rendered":"<p>A Associa\u00e7\u00e3o Nacional dos Procuradores da Rep\u00fablica (ANPR) far\u00e1, nesta quinta-feira (18), o semin\u00e1rio Minist\u00e9rio P\u00fablico e a Liberdade de Express\u00e3o. Especialistas, jornalistas e membros do Minist\u00e9rio P\u00fablico Brasileiro participam de um debate sobre legisla\u00e7\u00e3o, filosofia, \u00e9tica e limites do uso das redes sociais no exerc\u00edcio da liberdade de express\u00e3o, das 9h \u00e0s 18h, no Memorial do Minist\u00e9rio P\u00fablico Federal [&hellip;]<\/p>\n","protected":false},"author":27,"featured_media":0,"comment_status":"open","ping_status":"closed","sticky":false,"template":"","format":"standard","meta":{"footnotes":""},"categories":[2719],"tags":[4959,1935,7143,2624,2129,847,4327,1756,1476,1313,1181,2092,13695,4999,156,853,1235,4303,1083,2071],"class_list":["post-10663","post","type-post","status-publish","format-standard","hentry","category-servidor","tag-anpr","tag-autoridades","tag-cnmp","tag-corregedoria","tag-criticas","tag-debate","tag-dever","tag-etica","tag-filosofia","tag-funcional","tag-imprensa","tag-legislacao","tag-liberdade-de-expressao","tag-limites","tag-membros","tag-mp","tag-procuradores","tag-promotores","tag-redes-sociais","tag-violacoes"],"_links":{"self":[{"href":"https:\/\/blogs.correiobraziliense.com.br\/servidor\/wp-json\/wp\/v2\/posts\/10663","targetHints":{"allow":["GET"]}}],"collection":[{"href":"https:\/\/blogs.correiobraziliense.com.br\/servidor\/wp-json\/wp\/v2\/posts"}],"about":[{"href":"https:\/\/blogs.correiobraziliense.com.br\/servidor\/wp-json\/wp\/v2\/types\/post"}],"author":[{"embeddable":true,"href":"https:\/\/blogs.correiobraziliense.com.br\/servidor\/wp-json\/wp\/v2\/users\/27"}],"replies":[{"embeddable":true,"href":"https:\/\/blogs.correiobraziliense.com.br\/servidor\/wp-json\/wp\/v2\/comments?post=10663"}],"version-history":[{"count":1,"href":"https:\/\/blogs.correiobraziliense.com.br\/servidor\/wp-json\/wp\/v2\/posts\/10663\/revisions"}],"predecessor-version":[{"id":10664,"href":"https:\/\/blogs.correiobraziliense.com.br\/servidor\/wp-json\/wp\/v2\/posts\/10663\/revisions\/10664"}],"wp:attachment":[{"href":"https:\/\/blogs.correiobraziliense.com.br\/servidor\/wp-json\/wp\/v2\/media?parent=10663"}],"wp:term":[{"taxonomy":"category","embeddable":true,"href":"https:\/\/blogs.correiobraziliense.com.br\/servidor\/wp-json\/wp\/v2\/categories?post=10663"},{"taxonomy":"post_tag","embeddable":true,"href":"https:\/\/blogs.correiobraziliense.com.br\/servidor\/wp-json\/wp\/v2\/tags?post=10663"}],"curies":[{"name":"wp","href":"https:\/\/api.w.org\/{rel}","templated":true}]}}