{"id":1066,"date":"2016-02-24T20:23:05","date_gmt":"2016-02-24T23:23:05","guid":{"rendered":"https:\/\/blogs.correiobraziliense.com.br\/servidor\/?p=1066"},"modified":"2016-02-24T20:23:05","modified_gmt":"2016-02-24T23:23:05","slug":"desembargador-define-em-20-aumento-da-geap-para-associados-da-anasps","status":"publish","type":"post","link":"https:\/\/blogs.correiobraziliense.com.br\/servidor\/desembargador-define-em-20-aumento-da-geap-para-associados-da-anasps\/","title":{"rendered":"DESEMBARGADOR DEFINE EM 20% AUMENTO DA GEAP PARA ASSOCIADOS DA ANASPS"},"content":{"rendered":"<p><em>Segundo informa\u00e7\u00f5es da Associa\u00e7\u00e3o Nacional dos Servidores da Previd\u00eancia e Seguridade Social (Anasps), em decis\u00e3o <\/em><em>de\u00a0 22 de fevereiro, o desembargador federal Jirair Aram Meguerian, do Tribunal Federal da 1\u00aa; Regi\u00e3o,\u00a0 rejeitou parcialmente o agravo de instrumento da GEAP, a principal operadora de planos de sa\u00fade do funcionalismo, e assegurou aos\u00a0 filiados (ativos, aposentados e seus dependentes) a suspens\u00e3o dos efeitos do reajuste incidente sobre a contribui\u00e7\u00e3o individual de 37,55%.<u><\/u><\/em><\/p>\n<p>Na decis\u00e3o, o magistrado assegurou o &#8220;reajuste de 20% de infla\u00e7\u00e3o m\u00e9dica indicado pela ANS para o ano de 2016, nada obstante a suspens\u00e3o da Resolu\u00e7\u00e3o GEAP\/CONAD n\u00ba 099\/2015&#8221;. O desembargador tamb\u00e9m levou em considera\u00e7\u00e3o as alega\u00e7\u00f5es da Geap de que a operadora, que est\u00e1 em interven\u00e7\u00e3o da ANS e da Previc, est\u00e1 buscando melhor controle econ\u00f4mico-financeiro para garantir a manuten\u00e7\u00e3o econ\u00f4mica dos planos de sa\u00fade, j\u00e1 que em 2012 sua d\u00edvida era superior a R$ 500 milh\u00f5es.<\/p>\n<p>E tamb\u00e9m de que, no Plano de Adequa\u00e7\u00e3o Econ\u00f4mico-Financeira (PLAEF),\u00a0 n\u00e3o se considerou premissas que impossibilitaram seu cumprimento, como as decis\u00f5es na ADI n\u00ba 5086\/DF e Representa\u00e7\u00e3o no TCU n\u00ba 003.038\/2015-7, que impediram a ades\u00e3o de novos benefici\u00e1rios aos planos ofertados pela GEAP.<\/p>\n<p>&#8220;Imputou-se \u00e0 agravante a absor\u00e7\u00e3o de carteira financeiramente comprometida da extinta operadora de planos de sa\u00fade FASSINCRA; (d) atualmente, a GEAP encontra-se em regime de dire\u00e7\u00e3o fiscal, que tem como objetivo recuperar a sa\u00fade financeira da operadora de sa\u00fade; e (e) o preju\u00edzo acumulado pela GEAP \u00e9 de cerca de R$ 234.000.000,00, havendo a exig\u00eancia de um ativo garantidor no valor de R$ 150.000.000,00&#8221;.<\/p>\n","protected":false},"excerpt":{"rendered":"<p>Segundo informa\u00e7\u00f5es da Associa\u00e7\u00e3o Nacional dos Servidores da Previd\u00eancia e Seguridade Social (Anasps), em decis\u00e3o de\u00a0 22 de fevereiro, o desembargador federal Jirair Aram Meguerian, do Tribunal Federal da 1\u00aa; Regi\u00e3o,\u00a0 rejeitou parcialmente o agravo de instrumento da GEAP, a principal operadora de planos de sa\u00fade do funcionalismo, e assegurou aos\u00a0 filiados (ativos, aposentados e seus dependentes) a suspens\u00e3o dos [&hellip;]<\/p>\n","protected":false},"author":27,"featured_media":0,"comment_status":"open","ping_status":"closed","sticky":false,"template":"","format":"standard","meta":{"footnotes":""},"categories":[1],"tags":[337,979,75,980,978,976,76,977],"class_list":["post-1066","post","type-post","status-publish","format-standard","hentry","category-sem-categoria","tag-anasps","tag-associados","tag-aumento","tag-beneficiarios","tag-define","tag-desembargador","tag-geap","tag-trf"],"_links":{"self":[{"href":"https:\/\/blogs.correiobraziliense.com.br\/servidor\/wp-json\/wp\/v2\/posts\/1066","targetHints":{"allow":["GET"]}}],"collection":[{"href":"https:\/\/blogs.correiobraziliense.com.br\/servidor\/wp-json\/wp\/v2\/posts"}],"about":[{"href":"https:\/\/blogs.correiobraziliense.com.br\/servidor\/wp-json\/wp\/v2\/types\/post"}],"author":[{"embeddable":true,"href":"https:\/\/blogs.correiobraziliense.com.br\/servidor\/wp-json\/wp\/v2\/users\/27"}],"replies":[{"embeddable":true,"href":"https:\/\/blogs.correiobraziliense.com.br\/servidor\/wp-json\/wp\/v2\/comments?post=1066"}],"version-history":[{"count":1,"href":"https:\/\/blogs.correiobraziliense.com.br\/servidor\/wp-json\/wp\/v2\/posts\/1066\/revisions"}],"predecessor-version":[{"id":1067,"href":"https:\/\/blogs.correiobraziliense.com.br\/servidor\/wp-json\/wp\/v2\/posts\/1066\/revisions\/1067"}],"wp:attachment":[{"href":"https:\/\/blogs.correiobraziliense.com.br\/servidor\/wp-json\/wp\/v2\/media?parent=1066"}],"wp:term":[{"taxonomy":"category","embeddable":true,"href":"https:\/\/blogs.correiobraziliense.com.br\/servidor\/wp-json\/wp\/v2\/categories?post=1066"},{"taxonomy":"post_tag","embeddable":true,"href":"https:\/\/blogs.correiobraziliense.com.br\/servidor\/wp-json\/wp\/v2\/tags?post=1066"}],"curies":[{"name":"wp","href":"https:\/\/api.w.org\/{rel}","templated":true}]}}