{"id":10651,"date":"2018-10-16T15:08:27","date_gmt":"2018-10-16T18:08:27","guid":{"rendered":"https:\/\/blogs.correiobraziliense.com.br\/servidor\/?p=10651"},"modified":"2018-10-16T15:09:07","modified_gmt":"2018-10-16T18:09:07","slug":"lider-do-pps-votara-contra-criacao-de-164-cargos-comissionados-para-ministerio-da-seguranca","status":"publish","type":"post","link":"https:\/\/blogs.correiobraziliense.com.br\/servidor\/lider-do-pps-votara-contra-criacao-de-164-cargos-comissionados-para-ministerio-da-seguranca\/","title":{"rendered":"L\u00edder do PPS votar\u00e1 contra cria\u00e7\u00e3o de 164 cargos comissionados para Minist\u00e9rio da Seguran\u00e7a"},"content":{"rendered":"<p><em>Alex Manente: &#8220;O momento atual \u00e9 de enxugamento da m\u00e1quina p\u00fablica, usada por v\u00e1rios anos para acomodar apadrinhados de pol\u00edticos&#8221;. O parlamentar entende que \u00e9 importante ampliar o efetivo de seguran\u00e7a, mas por concurso p\u00fablico e com melhores sal\u00e1rios para os profissionais da \u00e1rea. De acordo com o governo, a cria\u00e7\u00e3o dos cargos representar\u00e1 um gasto extra de R$ 14 milh\u00f5es em 2018, R$ 19,4 milh\u00f5es em 2019 e R$ 19,5 milh\u00f5es em 2020<\/em><\/p>\n<p>O l\u00edder do PPS na C\u00e2mara, deputado federal Alex Manente (SP), adiantou nesta ter\u00e7a-feira que votar\u00e1 contra a aprova\u00e7\u00e3o da medida provis\u00f3ria (MP 840\/18) que cria 164 cargos comissionados para o Minist\u00e9rio da Seguran\u00e7a P\u00fablica. Para o parlamentar, a pasta, que vem funcionando desde fevereiro, pode requisitar profissionais que j\u00e1 atuam na atual estrutura do governo para suprir eventuais necessidades. A MP pode ser votada ainda hoje na C\u00e2mara.<\/p>\n<p>\u201cN\u00e3o h\u00e1 mais nenhum espa\u00e7o para cria\u00e7\u00e3o de novos cargos comissionados para a estrutura do governo. Pelo contr\u00e1rio, o momento atual \u00e9 de enxugamento da m\u00e1quina p\u00fablica, que j\u00e1 est\u00e1 inflada demais e por anos e anos foi usada para acomodar apadrinhados de pol\u00edticos. Vamos votar contra qualquer medida provis\u00f3ria ou projeto que crie novos cargos comissionados\u201d, afirmou o l\u00edder do PPS.<\/p>\n<p>Os cargos criados pela MP 840\/18 s\u00e3o do grupo de Dire\u00e7\u00e3o e Assessoramento Superiores (DAS), portando s\u00e3o de livre nomea\u00e7\u00e3o e podem ser ocupados por servidores p\u00fablicos de carreira ou pessoas sem v\u00ednculo com a administra\u00e7\u00e3o p\u00fablica federal. De acordo com o governo, a cria\u00e7\u00e3o dos cargos representar\u00e1 um gasto extra de R$ 14 milh\u00f5es em 2018, R$ 19,4 milh\u00f5es em 2019 e R$ 19,5 milh\u00f5es em 2020.<\/p>\n<p>\u201cN\u00e3o vejo justificativa para esse gasto. \u00c9 evidente que precisamos ampliar o efetivo de seguran\u00e7a, mas por meio de concurso p\u00fablico e com melhores sal\u00e1rios para os profissionais da \u00e1rea. N\u00e3o \u00e9 com nomea\u00e7\u00f5es pol\u00edticas que vamos resolver o problema da seguran\u00e7a p\u00fablica no Brasil\u201d, finalizou Alex Manente.<\/p>\n","protected":false},"excerpt":{"rendered":"<p>Alex Manente: &#8220;O momento atual \u00e9 de enxugamento da m\u00e1quina p\u00fablica, usada por v\u00e1rios anos para acomodar apadrinhados de pol\u00edticos&#8221;. O parlamentar entende que \u00e9 importante ampliar o efetivo de seguran\u00e7a, mas por concurso p\u00fablico e com melhores sal\u00e1rios para os profissionais da \u00e1rea. De acordo com o governo, a cria\u00e7\u00e3o dos cargos representar\u00e1 um gasto extra de R$ 14 [&hellip;]<\/p>\n","protected":false},"author":27,"featured_media":0,"comment_status":"open","ping_status":"closed","sticky":false,"template":"","format":"standard","meta":{"footnotes":""},"categories":[2719],"tags":[13673,61,791,644,1851,2348,1635,1014,13672,13674,1411,857,1075,30],"class_list":["post-10651","post","type-post","status-publish","format-standard","hentry","category-servidor","tag-apadrinhados","tag-camara","tag-cargos","tag-comissionados","tag-concurso-publico","tag-extra","tag-gasto","tag-lider","tag-ministerio-da-seguranca","tag-mp-84018","tag-politicos","tag-pps","tag-profissionais","tag-salarios"],"_links":{"self":[{"href":"https:\/\/blogs.correiobraziliense.com.br\/servidor\/wp-json\/wp\/v2\/posts\/10651","targetHints":{"allow":["GET"]}}],"collection":[{"href":"https:\/\/blogs.correiobraziliense.com.br\/servidor\/wp-json\/wp\/v2\/posts"}],"about":[{"href":"https:\/\/blogs.correiobraziliense.com.br\/servidor\/wp-json\/wp\/v2\/types\/post"}],"author":[{"embeddable":true,"href":"https:\/\/blogs.correiobraziliense.com.br\/servidor\/wp-json\/wp\/v2\/users\/27"}],"replies":[{"embeddable":true,"href":"https:\/\/blogs.correiobraziliense.com.br\/servidor\/wp-json\/wp\/v2\/comments?post=10651"}],"version-history":[{"count":1,"href":"https:\/\/blogs.correiobraziliense.com.br\/servidor\/wp-json\/wp\/v2\/posts\/10651\/revisions"}],"predecessor-version":[{"id":10652,"href":"https:\/\/blogs.correiobraziliense.com.br\/servidor\/wp-json\/wp\/v2\/posts\/10651\/revisions\/10652"}],"wp:attachment":[{"href":"https:\/\/blogs.correiobraziliense.com.br\/servidor\/wp-json\/wp\/v2\/media?parent=10651"}],"wp:term":[{"taxonomy":"category","embeddable":true,"href":"https:\/\/blogs.correiobraziliense.com.br\/servidor\/wp-json\/wp\/v2\/categories?post=10651"},{"taxonomy":"post_tag","embeddable":true,"href":"https:\/\/blogs.correiobraziliense.com.br\/servidor\/wp-json\/wp\/v2\/tags?post=10651"}],"curies":[{"name":"wp","href":"https:\/\/api.w.org\/{rel}","templated":true}]}}