{"id":10636,"date":"2018-10-11T18:49:32","date_gmt":"2018-10-11T21:49:32","guid":{"rendered":"https:\/\/blogs.correiobraziliense.com.br\/servidor\/?p=10636"},"modified":"2018-10-11T18:49:32","modified_gmt":"2018-10-11T21:49:32","slug":"stf-retira-contribuicao-previdenciaria-sobre-parcelas-adicionais-pagas-servidor-publico","status":"publish","type":"post","link":"https:\/\/blogs.correiobraziliense.com.br\/servidor\/stf-retira-contribuicao-previdenciaria-sobre-parcelas-adicionais-pagas-servidor-publico\/","title":{"rendered":"STF retira contribui\u00e7\u00e3o previdenci\u00e1ria sobre parcelas adicionais pagas a servidor p\u00fablico"},"content":{"rendered":"<p><em>O Supremo Tribunal Federal (STF) decidiu, nesta quinta-feira (11), afastar a cobran\u00e7a de contribui\u00e7\u00e3o ao INSS sobre parcelas adicionais pagas a servidores p\u00fablicos, como o 13\u00ba sal\u00e1rio, ter\u00e7o de f\u00e9rias e horas extras. Segundo a Procuradoria-Geral da Fazenda Nacional (PGFN), a decis\u00e3o pode impactar os cofres p\u00fablicos em at\u00e9 R$ 6,3 bilh\u00f5es.<\/em><\/p>\n<p>O julgamento, suspenso em 2016, foi retomado hoje com o voto do ministro Gilmar Mendes, favor\u00e1vel \u00e0 cobran\u00e7a, que foi vencido em 6 a 4. Em nota, a PGFN destacou que os &#8220;efeitos futuros est\u00e3o mitigados por leis que concederam isen\u00e7\u00f5es para a grande maioria das verbas tratadas no caso&#8221;.<\/p>\n<p>O advogado Bruno Teixeira, do escrit\u00f3rio Tozzini Freire, explica que muito da preocupa\u00e7\u00e3o em torno desse julgamento \u00e9 se existe aplica\u00e7\u00e3o para empresas privadas. \u201cEsse julgamento diz respeito apenas a servidor p\u00fablico, por enquanto nada muda para empresas privadas. No entanto \u00e9 muito prov\u00e1vel que o Supremo replique futuramente esse entendimento para o setor privado\u201d.<\/p>\n<p>J\u00e1 o tributarista, Gustavo Vita , do Martins Ogawa, Lazzerotti &amp; Sobral Advogados (MOLS), ressalta que \u201ca defini\u00e7\u00e3o do Supremo Tribunal Federal possui repercuss\u00e3o geral, isto \u00e9, deve ser obrigatoriamente seguida por todas as demais inst\u00e2ncias do Poder Judici\u00e1rio e, ainda, da Administra\u00e7\u00e3o P\u00fablica. Apesar de a discuss\u00e3o girar em torno da contribui\u00e7\u00e3o previdenci\u00e1ria sobre servidores p\u00fablicos, diversos processos que tratam de similar discuss\u00e3o sobre a contribui\u00e7\u00e3o previdenci\u00e1ria a cargo das empresas est\u00e3o sobrestados nos Tribunais Regionais Federais e, igualmente, poder\u00e3o ser afetados pela decis\u00e3o do STF.\u201d<\/p>\n","protected":false},"excerpt":{"rendered":"<p>O Supremo Tribunal Federal (STF) decidiu, nesta quinta-feira (11), afastar a cobran\u00e7a de contribui\u00e7\u00e3o ao INSS sobre parcelas adicionais pagas a servidores p\u00fablicos, como o 13\u00ba sal\u00e1rio, ter\u00e7o de f\u00e9rias e horas extras. Segundo a Procuradoria-Geral da Fazenda Nacional (PGFN), a decis\u00e3o pode impactar os cofres p\u00fablicos em at\u00e9 R$ 6,3 bilh\u00f5es. O julgamento, suspenso em 2016, foi retomado hoje [&hellip;]<\/p>\n","protected":false},"author":27,"featured_media":0,"comment_status":"open","ping_status":"closed","sticky":false,"template":"","format":"standard","meta":{"footnotes":""},"categories":[2719],"tags":[2484,13653,131,390,284,132,241,5771,8,34,120,7117],"class_list":["post-10636","post","type-post","status-publish","format-standard","hentry","category-servidor","tag-adicionais","tag-arcelas","tag-contribuicao","tag-empresas","tag-pgfn","tag-previdenciaria","tag-publico","tag-repercussao-geral","tag-servidor","tag-stf","tag-tribunais","tag-voto"],"_links":{"self":[{"href":"https:\/\/blogs.correiobraziliense.com.br\/servidor\/wp-json\/wp\/v2\/posts\/10636","targetHints":{"allow":["GET"]}}],"collection":[{"href":"https:\/\/blogs.correiobraziliense.com.br\/servidor\/wp-json\/wp\/v2\/posts"}],"about":[{"href":"https:\/\/blogs.correiobraziliense.com.br\/servidor\/wp-json\/wp\/v2\/types\/post"}],"author":[{"embeddable":true,"href":"https:\/\/blogs.correiobraziliense.com.br\/servidor\/wp-json\/wp\/v2\/users\/27"}],"replies":[{"embeddable":true,"href":"https:\/\/blogs.correiobraziliense.com.br\/servidor\/wp-json\/wp\/v2\/comments?post=10636"}],"version-history":[{"count":1,"href":"https:\/\/blogs.correiobraziliense.com.br\/servidor\/wp-json\/wp\/v2\/posts\/10636\/revisions"}],"predecessor-version":[{"id":10637,"href":"https:\/\/blogs.correiobraziliense.com.br\/servidor\/wp-json\/wp\/v2\/posts\/10636\/revisions\/10637"}],"wp:attachment":[{"href":"https:\/\/blogs.correiobraziliense.com.br\/servidor\/wp-json\/wp\/v2\/media?parent=10636"}],"wp:term":[{"taxonomy":"category","embeddable":true,"href":"https:\/\/blogs.correiobraziliense.com.br\/servidor\/wp-json\/wp\/v2\/categories?post=10636"},{"taxonomy":"post_tag","embeddable":true,"href":"https:\/\/blogs.correiobraziliense.com.br\/servidor\/wp-json\/wp\/v2\/tags?post=10636"}],"curies":[{"name":"wp","href":"https:\/\/api.w.org\/{rel}","templated":true}]}}