{"id":10630,"date":"2018-10-11T14:10:30","date_gmt":"2018-10-11T17:10:30","guid":{"rendered":"https:\/\/blogs.correiobraziliense.com.br\/servidor\/?p=10630"},"modified":"2018-10-11T14:10:30","modified_gmt":"2018-10-11T17:10:30","slug":"previc-nota-de-esclarecimento","status":"publish","type":"post","link":"https:\/\/blogs.correiobraziliense.com.br\/servidor\/previc-nota-de-esclarecimento\/","title":{"rendered":"Previc &#8211; Nota de esclarecimento"},"content":{"rendered":"<p>A respeito das informa\u00e7\u00f5es divulgadas sobre procedimento investigativo para apurar investimentos realizados por fundos de pens\u00e3o no FIP BR Educacional, a Superintend\u00eancia Nacional de Previd\u00eancia Complementar (Previc) esclarece que:<\/p>\n<p>\u00b7 Os procedimentos de fiscaliza\u00e7\u00e3o da Autarquia decorreram de demanda espec\u00edfica do Minist\u00e9rio P\u00fablico Federal (MPF), no \u00e2mbito do grupo de trabalho da Opera\u00e7\u00e3o Greenfield.<\/p>\n<p>\u00b7 A solicita\u00e7\u00e3o das informa\u00e7\u00f5es em quest\u00e3o ocorreu em reuni\u00e3o realizada em 18\/9\/2018. Os documentos enviados representam subs\u00eddios para procedimento investigativo e forma\u00e7\u00e3o de convic\u00e7\u00e3o exclusiva do MPF.<\/p>\n<p>\u00b7 O envio das informa\u00e7\u00f5es faz parte de a\u00e7\u00e3o rotineira da Previc, em fun\u00e7\u00e3o de sua participa\u00e7\u00e3o na Opera\u00e7\u00e3o Greenfield. Nos \u00faltimos tr\u00eas anos foram encaminhadas ao MPF mais de 200 comunica\u00e7\u00f5es relacionadas a investimentos em fundos de pens\u00e3o, em sua maioria, relacionados \u00e0 for\u00e7a-tarefa.<\/p>\n<p>\u00b7 Os processos de supervis\u00e3o da Previc seguem rigorosamente os tr\u00e2mites legais e procedimentais, principalmente no tocante ao sigilo das opera\u00e7\u00f5es, previsto no par\u00e1grafo \u00fanico do art. 64 da Lei Complementar n\u00ba 109\/2001, transcrito a seguir: \u201cO sigilo de opera\u00e7\u00f5es n\u00e3o poder\u00e1 ser invocado como \u00f3bice \u00e0 troca de informa\u00e7\u00f5es entre os \u00f3rg\u00e3os mencionados no caput, nem ao fornecimento de informa\u00e7\u00f5es pelo Minist\u00e9rio P\u00fablico\u201d.<\/p>\n<p>Portanto, cabe ressaltar que \u00e9 obriga\u00e7\u00e3o legal da Previc atender \u00e0s demandas e enviar os documentos solicitados pelo MPF. A Autarquia reitera seu prop\u00f3sito de garantir a sustentabilidade do sistema de previd\u00eancia complementar fechada e proporcionar seguran\u00e7a aos participantes, assistidos e patrocinadores.<\/p>\n","protected":false},"excerpt":{"rendered":"<p>A respeito das informa\u00e7\u00f5es divulgadas sobre procedimento investigativo para apurar investimentos realizados por fundos de pens\u00e3o no FIP BR Educacional, a Superintend\u00eancia Nacional de Previd\u00eancia Complementar (Previc) esclarece que: \u00b7 Os procedimentos de fiscaliza\u00e7\u00e3o da Autarquia decorreram de demanda espec\u00edfica do Minist\u00e9rio P\u00fablico Federal (MPF), no \u00e2mbito do grupo de trabalho da Opera\u00e7\u00e3o Greenfield. \u00b7 A solicita\u00e7\u00e3o das informa\u00e7\u00f5es em [&hellip;]<\/p>\n","protected":false},"author":27,"featured_media":0,"comment_status":"open","ping_status":"closed","sticky":false,"template":"","format":"standard","meta":{"footnotes":""},"categories":[2719],"tags":[7,760,322,13646,940,7089,153,6758,1008,453,3551,4978,549,3295,208,6516],"class_list":["post-10630","post","type-post","status-publish","format-standard","hentry","category-servidor","tag-complementar","tag-documentos","tag-esclarecimento","tag-fip-br","tag-fiscalizacao","tag-forca-tarefa","tag-fundos-de-pensao","tag-investigativo","tag-investimentos","tag-mpf","tag-operacao-greenfield","tag-previc","tag-previdencia","tag-procedimento","tag-seguranca","tag-sigilo"],"_links":{"self":[{"href":"https:\/\/blogs.correiobraziliense.com.br\/servidor\/wp-json\/wp\/v2\/posts\/10630","targetHints":{"allow":["GET"]}}],"collection":[{"href":"https:\/\/blogs.correiobraziliense.com.br\/servidor\/wp-json\/wp\/v2\/posts"}],"about":[{"href":"https:\/\/blogs.correiobraziliense.com.br\/servidor\/wp-json\/wp\/v2\/types\/post"}],"author":[{"embeddable":true,"href":"https:\/\/blogs.correiobraziliense.com.br\/servidor\/wp-json\/wp\/v2\/users\/27"}],"replies":[{"embeddable":true,"href":"https:\/\/blogs.correiobraziliense.com.br\/servidor\/wp-json\/wp\/v2\/comments?post=10630"}],"version-history":[{"count":1,"href":"https:\/\/blogs.correiobraziliense.com.br\/servidor\/wp-json\/wp\/v2\/posts\/10630\/revisions"}],"predecessor-version":[{"id":10631,"href":"https:\/\/blogs.correiobraziliense.com.br\/servidor\/wp-json\/wp\/v2\/posts\/10630\/revisions\/10631"}],"wp:attachment":[{"href":"https:\/\/blogs.correiobraziliense.com.br\/servidor\/wp-json\/wp\/v2\/media?parent=10630"}],"wp:term":[{"taxonomy":"category","embeddable":true,"href":"https:\/\/blogs.correiobraziliense.com.br\/servidor\/wp-json\/wp\/v2\/categories?post=10630"},{"taxonomy":"post_tag","embeddable":true,"href":"https:\/\/blogs.correiobraziliense.com.br\/servidor\/wp-json\/wp\/v2\/tags?post=10630"}],"curies":[{"name":"wp","href":"https:\/\/api.w.org\/{rel}","templated":true}]}}