{"id":10626,"date":"2018-10-10T18:25:46","date_gmt":"2018-10-10T21:25:46","guid":{"rendered":"https:\/\/blogs.correiobraziliense.com.br\/servidor\/?p=10626"},"modified":"2018-10-10T18:25:46","modified_gmt":"2018-10-10T21:25:46","slug":"anpr-seminario-sobre-liberdade-de-expressao-dos-membros-do-mp","status":"publish","type":"post","link":"https:\/\/blogs.correiobraziliense.com.br\/servidor\/anpr-seminario-sobre-liberdade-de-expressao-dos-membros-do-mp\/","title":{"rendered":"ANPR &#8211; semin\u00e1rio sobre a liberdade de express\u00e3o dos membros do MP"},"content":{"rendered":"<p><em>A Associa\u00e7\u00e3o Nacional dos Procuradores da Rep\u00fablica (ANPR) promove, no pr\u00f3ximo dia 18, o semin\u00e1rio Minist\u00e9rio P\u00fablico e a Liberdade de Express\u00e3o. Em quatro pain\u00e9is, especialistas, jornalistas e membros do Minist\u00e9rio P\u00fablico Brasileiro participam de um debate sobre legisla\u00e7\u00e3o, filosofia, \u00e9tica e limites do uso das redes sociais no exerc\u00edcio da liberdade de express\u00e3o. O evento ser\u00e1 das 8h30 \u00e0s 18h, na sala de sess\u00f5es do Conselho Superior do Minist\u00e9rio P\u00fablico Federal (MPF), na Procuradoria-Geral da Rep\u00fablica, em Bras\u00edlia (DF)<\/em><\/p>\n<p>Diante da instaura\u00e7\u00e3o de reclama\u00e7\u00f5es e processos administrativos disciplinares no Conselho Nacional do Minist\u00e9rio P\u00fablico (CNMP) por supostas viola\u00e7\u00f5es de dever funcional de promotores de Justi\u00e7a e procuradores da Rep\u00fablica, o semin\u00e1rio tem o objetivo de discutir a rela\u00e7\u00e3o entre a Corregedoria Nacional e a liberdade de os membros do MP fazerem cr\u00edticas, por meio da imprensa ou em redes sociais, sobre atos de autoridades p\u00fablicas. O primeiro painel tratar\u00e1 da vis\u00e3o da imprensa sobre a liberdade de express\u00e3o do Minist\u00e9rio P\u00fablico. Em seguida, especialistas falar\u00e3o sobre a filosofia e a \u00e9tica da liberdade de express\u00e3o. Ao final, procuradores ir\u00e3o discutir o livre manifestar dos membros do MP.<\/p>\n<p>Nos \u00faltimos meses, a ANPR tem defendido, por meio de notas p\u00fablicas e portarias, o direito da livre manifesta\u00e7\u00e3o e da independ\u00eancia funcional dos membros do MP. \u201cCr\u00edticas p\u00fablicas sobre a atua\u00e7\u00e3o de autoridades ou institui\u00e7\u00f5es somente podem ser consideradas ileg\u00edtimas numa democracia quando utilizadas com o manifesto prop\u00f3sito de ofender pessoalmente ou de imputar falsa conduta aos destinat\u00e1rios. O respeito \u00e0s institui\u00e7\u00f5es n\u00e3o se confunde com a aus\u00eancia de cr\u00edticas. Nenhuma institui\u00e7\u00e3o humana est\u00e1 infensa a erros e a cr\u00edtica e o debate que as levar\u00e3o a progredir\u201d, destaca trecho de manifesto p\u00fablico dos procuradores da Rep\u00fablica.<\/p>\n<p><strong>Servi\u00e7o<\/strong><br \/>\nMinist\u00e9rio P\u00fablico e a Liberdade de Express\u00e3o<br \/>\nData: 18 de outubro de 2018 (quinta-feira)<br \/>\nHor\u00e1rio: Das 8h30 \u00e0s 18h<br \/>\nLocal: Sala de sess\u00f5es do Conselho Superior do MPF, na Procuradoria-Geral da Rep\u00fablica, em Bras\u00edlia<\/p>\n","protected":false},"excerpt":{"rendered":"<p>A Associa\u00e7\u00e3o Nacional dos Procuradores da Rep\u00fablica (ANPR) promove, no pr\u00f3ximo dia 18, o semin\u00e1rio Minist\u00e9rio P\u00fablico e a Liberdade de Express\u00e3o. Em quatro pain\u00e9is, especialistas, jornalistas e membros do Minist\u00e9rio P\u00fablico Brasileiro participam de um debate sobre legisla\u00e7\u00e3o, filosofia, \u00e9tica e limites do uso das redes sociais no exerc\u00edcio da liberdade de express\u00e3o. O evento ser\u00e1 das 8h30 \u00e0s [&hellip;]<\/p>\n","protected":false},"author":27,"featured_media":0,"comment_status":"open","ping_status":"closed","sticky":false,"template":"","format":"standard","meta":{"footnotes":""},"categories":[2719],"tags":[4959,382,1756,1758,1476,2092,1757,4999,156,417,853,1083,267],"class_list":["post-10626","post","type-post","status-publish","format-standard","hentry","category-servidor","tag-anpr","tag-especialistas","tag-etica","tag-expressao","tag-filosofia","tag-legislacao","tag-liberdade","tag-limites","tag-membros","tag-ministerio-publico","tag-mp","tag-redes-sociais","tag-seminario"],"_links":{"self":[{"href":"https:\/\/blogs.correiobraziliense.com.br\/servidor\/wp-json\/wp\/v2\/posts\/10626","targetHints":{"allow":["GET"]}}],"collection":[{"href":"https:\/\/blogs.correiobraziliense.com.br\/servidor\/wp-json\/wp\/v2\/posts"}],"about":[{"href":"https:\/\/blogs.correiobraziliense.com.br\/servidor\/wp-json\/wp\/v2\/types\/post"}],"author":[{"embeddable":true,"href":"https:\/\/blogs.correiobraziliense.com.br\/servidor\/wp-json\/wp\/v2\/users\/27"}],"replies":[{"embeddable":true,"href":"https:\/\/blogs.correiobraziliense.com.br\/servidor\/wp-json\/wp\/v2\/comments?post=10626"}],"version-history":[{"count":1,"href":"https:\/\/blogs.correiobraziliense.com.br\/servidor\/wp-json\/wp\/v2\/posts\/10626\/revisions"}],"predecessor-version":[{"id":10627,"href":"https:\/\/blogs.correiobraziliense.com.br\/servidor\/wp-json\/wp\/v2\/posts\/10626\/revisions\/10627"}],"wp:attachment":[{"href":"https:\/\/blogs.correiobraziliense.com.br\/servidor\/wp-json\/wp\/v2\/media?parent=10626"}],"wp:term":[{"taxonomy":"category","embeddable":true,"href":"https:\/\/blogs.correiobraziliense.com.br\/servidor\/wp-json\/wp\/v2\/categories?post=10626"},{"taxonomy":"post_tag","embeddable":true,"href":"https:\/\/blogs.correiobraziliense.com.br\/servidor\/wp-json\/wp\/v2\/tags?post=10626"}],"curies":[{"name":"wp","href":"https:\/\/api.w.org\/{rel}","templated":true}]}}