{"id":10624,"date":"2018-10-10T16:40:41","date_gmt":"2018-10-10T19:40:41","guid":{"rendered":"https:\/\/blogs.correiobraziliense.com.br\/servidor\/?p=10624"},"modified":"2018-10-10T16:40:41","modified_gmt":"2018-10-10T19:40:41","slug":"desconfianca-afasta-beneficiario-do-inss-e-o-leva-ao-poder-judiciario","status":"publish","type":"post","link":"https:\/\/blogs.correiobraziliense.com.br\/servidor\/desconfianca-afasta-beneficiario-do-inss-e-o-leva-ao-poder-judiciario\/","title":{"rendered":"Desconfian\u00e7a afasta benefici\u00e1rio do INSS e o leva ao Poder Judici\u00e1rio"},"content":{"rendered":"<p><em>Especialistas apontam o processo administrativo como o melhor caminho para resolver qualquer pend\u00eancia com o INSS.\u00a0Washington Barbosa, diretor acad\u00eamico do Instituto Duc In Altum (DIA) &#8211; que tem um trabalho sobre o assunto -, e Tha\u00eds Riedel, especialista em direito trabalhista e previdenci\u00e1rio do Riedel Advogados Associados, em um bate-papo pela internet, destacaram que o primeiro passo para tratar de problemas com aposentadorias e pens\u00f5es \u00e9, ap\u00f3s no m\u00e1ximo 30 dias da resposta do \u00f3rg\u00e3o, procurar a junta de concilia\u00e7\u00e3o.\u00a0<\/em><\/p>\n<p>https:\/\/facebook.com\/correiobraziliense\/videos\/525549601249370\/<\/p>\n<p>&nbsp;<\/p>\n<p>&nbsp;<\/p>\n","protected":false},"excerpt":{"rendered":"<p>Especialistas apontam o processo administrativo como o melhor caminho para resolver qualquer pend\u00eancia com o INSS.\u00a0Washington Barbosa, diretor acad\u00eamico do Instituto Duc In Altum (DIA) &#8211; que tem um trabalho sobre o assunto -, e Tha\u00eds Riedel, especialista em direito trabalhista e previdenci\u00e1rio do Riedel Advogados Associados, em um bate-papo pela internet, destacaram que o primeiro passo para tratar de [&hellip;]<\/p>\n","protected":false},"author":27,"featured_media":0,"comment_status":"open","ping_status":"closed","sticky":false,"template":"","format":"standard","meta":{"footnotes":""},"categories":[2719],"tags":[6,3782,1238,13642,4800,11,9064,3374],"class_list":["post-10624","post","type-post","status-publish","format-standard","hentry","category-servidor","tag-aposentadoria","tag-beneficiario","tag-conciliacao","tag-crss","tag-desconfianca","tag-inss","tag-junta","tag-pensao"],"_links":{"self":[{"href":"https:\/\/blogs.correiobraziliense.com.br\/servidor\/wp-json\/wp\/v2\/posts\/10624","targetHints":{"allow":["GET"]}}],"collection":[{"href":"https:\/\/blogs.correiobraziliense.com.br\/servidor\/wp-json\/wp\/v2\/posts"}],"about":[{"href":"https:\/\/blogs.correiobraziliense.com.br\/servidor\/wp-json\/wp\/v2\/types\/post"}],"author":[{"embeddable":true,"href":"https:\/\/blogs.correiobraziliense.com.br\/servidor\/wp-json\/wp\/v2\/users\/27"}],"replies":[{"embeddable":true,"href":"https:\/\/blogs.correiobraziliense.com.br\/servidor\/wp-json\/wp\/v2\/comments?post=10624"}],"version-history":[{"count":1,"href":"https:\/\/blogs.correiobraziliense.com.br\/servidor\/wp-json\/wp\/v2\/posts\/10624\/revisions"}],"predecessor-version":[{"id":10625,"href":"https:\/\/blogs.correiobraziliense.com.br\/servidor\/wp-json\/wp\/v2\/posts\/10624\/revisions\/10625"}],"wp:attachment":[{"href":"https:\/\/blogs.correiobraziliense.com.br\/servidor\/wp-json\/wp\/v2\/media?parent=10624"}],"wp:term":[{"taxonomy":"category","embeddable":true,"href":"https:\/\/blogs.correiobraziliense.com.br\/servidor\/wp-json\/wp\/v2\/categories?post=10624"},{"taxonomy":"post_tag","embeddable":true,"href":"https:\/\/blogs.correiobraziliense.com.br\/servidor\/wp-json\/wp\/v2\/tags?post=10624"}],"curies":[{"name":"wp","href":"https:\/\/api.w.org\/{rel}","templated":true}]}}