{"id":10618,"date":"2018-10-10T07:49:18","date_gmt":"2018-10-10T10:49:18","guid":{"rendered":"https:\/\/blogs.correiobraziliense.com.br\/servidor\/?p=10618"},"modified":"2018-10-09T20:02:01","modified_gmt":"2018-10-09T23:02:01","slug":"passo-passo-para-abrir-sua-microempresa","status":"publish","type":"post","link":"https:\/\/blogs.correiobraziliense.com.br\/servidor\/passo-passo-para-abrir-sua-microempresa\/","title":{"rendered":"Passo a passo para abrir sua microempresa"},"content":{"rendered":"<p><em>Com a Portaria Normativa n\u00ba 291, publicada em 13 de setembro de 2017, no Di\u00e1rio Oficial da Uni\u00e3o (DOU), o servidor teve a permiss\u00e3o para exercer atividade privada enquanto estiver com a jornada reduzida.\u00a0O empreendedorismo pode ser uma op\u00e7\u00e3o, por conta da crise. Em caso de d\u00favidas, especialistas preparam um passo a passo did\u00e1tico para quem deseja come\u00e7ar o pr\u00f3prio neg\u00f3cio<\/em><\/p>\n<p>Diego Daminelli, especialista do time da Organica, l\u00edder na acelera\u00e7\u00e3o de neg\u00f3cios e pessoas, alerta que antes de partir para a burocracia de abertura de um neg\u00f3cio, o empreendedor deve conhecer os concorrentes e poss\u00edveis substitutos; criar a estrutura b\u00e1sica de tecnologia para servidores, sistemas e infraestrutura; e organizar a contabilidade b\u00e1sica, como impostos, or\u00e7amento, capital de giro e fluxo de caixa.<\/p>\n<p>Apesar de serem denominadas como &#8220;pequenas&#8221;, o impacto das pequenas empresas na economia brasileira \u00e9 grande, pois, entre outros benef\u00edcios, s\u00e3o fontes de cria\u00e7\u00e3o de postos de trabalho &#8211; respons\u00e1vel por mais de 80% dos empregos formais neste ano, segundo o Sebrae. Em meio \u00e0 crise, empreender se tornou ainda mais uma op\u00e7\u00e3o para quem quer uma renda extra ou precisa de uma nova ocupa\u00e7\u00e3o. Pensando nisso, especialistas e empreendedores separaram dicas e um passo a passo para quem deseja ter o pr\u00f3prio neg\u00f3cio.<\/p>\n<p>Para Lucas Moreira, s\u00f3cio-fundador da rede de franquias Splash, caf\u00e9s e bebidas urbanas, antes de pensar em abrir uma microempresa, o futuro empreendedor deve conhecer quais s\u00e3o os neg\u00f3cios mais adequados ao seu perfil. &#8220;N\u00e3o adianta investir em algo que a pessoa n\u00e3o se identifica, as chances de ter sucesso j\u00e1 come\u00e7am por a\u00ed&#8221;, ressalta. Empreendedor h\u00e1 dois anos, o CEO da Oakberru A\u00e7a\u00ed Bowls, Georgios Frangulis, corrobora com Moreira. Segundo ele, essa escolha \u00e9 o primeiro passo para quem pensa em abrir uma empresa. &#8220;Depois de definir o perfil, o empreendedor deve definir o segmento mais adequado ao local que montar\u00e1 e ao capital dispon\u00edvel&#8221;, diz Frangulis.<\/p>\n<p>Depois de todos esses pontos alinhados, os especialistas orientam seguir os seguintes passos para dar in\u00edcio \u00e0 &#8220;papelada&#8221; da empresa:<\/p>\n<p><strong>Registro na Junta Comercial<\/strong><\/p>\n<p>O primeiro passo \u00e9 registrar a empresa na Junta Comercial na cidade em que ela ser\u00e1 instalada. Dependendo do estado, as Juntas Comerciais podem exigir documentos diferentes para efetuar o cadastro. A documenta\u00e7\u00e3o mais comum envolve RG, CPF e contrato social.<\/p>\n<p><strong>NIRE<\/strong><\/p>\n<p>Ap\u00f3s o registro, o empreendedor receber\u00e1 o NIRE (N\u00famero de Identifica\u00e7\u00e3o do Registro da Empresa). Em formato de etiqueta ou carimbo, o n\u00famero \u00e9 um registro da legalidade da empresa. Obrigat\u00f3rio para empresas do ramo comercial desde 1994, sem o NIRE n\u00e3o \u00e9 poss\u00edvel ter o CNPJ.<\/p>\n<p><strong>CNPJ<\/strong><\/p>\n<p>Com o NIRE em m\u00e3os, \u00e9 poss\u00edvel obter o Cadastro Nacional de Pessoa Jur\u00eddica (CNPJ). O cadastro \u00e9 feito no site da Receita Federal por meio do download de um programa espec\u00edfico, o Documento B\u00e1sico de Entrada. No momento de cadastrar o CNPJ, o microempreendedor escolhe a atividade que a empresa exercer\u00e1. A defini\u00e7\u00e3o da atua\u00e7\u00e3o da institui\u00e7\u00e3o deve ser feita com cuidado pois a classifica\u00e7\u00e3o escolhida \u00e9 usada de base para tributa\u00e7\u00e3o e fiscaliza\u00e7\u00e3o.<\/p>\n<p><strong>Alvar\u00e1 do Corpo de Bombeiros<\/strong><\/p>\n<p>Esse \u00e9 um documento importante para a integridade f\u00edsica do empreendedor, colaboradores e clientes. O alvar\u00e1 determina grau de risco da edifica\u00e7\u00e3o. A solicita\u00e7\u00e3o \u00e9 feita junto do Corpo de Bombeiros.<\/p>\n<p><strong>Alvar\u00e1 de Funcionamento<\/strong><\/p>\n<p>Na prefeitura da cidade em que a microempresa se instalar\u00e1, o empreendedor solicita o alvar\u00e1 de funcionamento. A documenta\u00e7\u00e3o necess\u00e1ria envolve c\u00f3pia do CNPJ, c\u00f3pia do Contrato Social e dependendo, laudo de vistoria. De acordo com o ramo da empresa, secretarias como a de Sa\u00fade, Meio ambiente e Planejamento podem se envolver no processo e pedir outros tipos de documentos. A partir da\u00ed, o empres\u00e1rio j\u00e1 pode come\u00e7ar a tocar o seu neg\u00f3cio.<\/p>\n","protected":false},"excerpt":{"rendered":"<p>Com a Portaria Normativa n\u00ba 291, publicada em 13 de setembro de 2017, no Di\u00e1rio Oficial da Uni\u00e3o (DOU), o servidor teve a permiss\u00e3o para exercer atividade privada enquanto estiver com a jornada reduzida.\u00a0O empreendedorismo pode ser uma op\u00e7\u00e3o, por conta da crise. Em caso de d\u00favidas, especialistas preparam um passo a passo did\u00e1tico para quem deseja come\u00e7ar o pr\u00f3prio [&hellip;]<\/p>\n","protected":false},"author":27,"featured_media":0,"comment_status":"open","ping_status":"closed","sticky":false,"template":"","format":"standard","meta":{"footnotes":""},"categories":[2719],"tags":[3454,3895,13639,10294,7673,366,1769,8324,13636,13640,2770,487,1623,13634,141,5126,13637,318,9882,13635,1295,5845,8,13638,4504],"class_list":["post-10618","post","type-post","status-publish","format-standard","hentry","category-servidor","tag-atividade","tag-burocracia","tag-capital-de-giro","tag-concorrentes","tag-contabilidade","tag-crise","tag-dou","tag-duvidas","tag-empreendedorismo","tag-fluxo-de-caixa","tag-impostos","tag-infraestrutura","tag-jornada","tag-microempresas","tag-ministerio-do-planejamento","tag-negocio","tag-opao","tag-orcamento","tag-passo-a-passo","tag-portaria-2912017","tag-privada","tag-reduzida","tag-servidor","tag-substitutos","tag-tecnologia"],"_links":{"self":[{"href":"https:\/\/blogs.correiobraziliense.com.br\/servidor\/wp-json\/wp\/v2\/posts\/10618","targetHints":{"allow":["GET"]}}],"collection":[{"href":"https:\/\/blogs.correiobraziliense.com.br\/servidor\/wp-json\/wp\/v2\/posts"}],"about":[{"href":"https:\/\/blogs.correiobraziliense.com.br\/servidor\/wp-json\/wp\/v2\/types\/post"}],"author":[{"embeddable":true,"href":"https:\/\/blogs.correiobraziliense.com.br\/servidor\/wp-json\/wp\/v2\/users\/27"}],"replies":[{"embeddable":true,"href":"https:\/\/blogs.correiobraziliense.com.br\/servidor\/wp-json\/wp\/v2\/comments?post=10618"}],"version-history":[{"count":1,"href":"https:\/\/blogs.correiobraziliense.com.br\/servidor\/wp-json\/wp\/v2\/posts\/10618\/revisions"}],"predecessor-version":[{"id":10619,"href":"https:\/\/blogs.correiobraziliense.com.br\/servidor\/wp-json\/wp\/v2\/posts\/10618\/revisions\/10619"}],"wp:attachment":[{"href":"https:\/\/blogs.correiobraziliense.com.br\/servidor\/wp-json\/wp\/v2\/media?parent=10618"}],"wp:term":[{"taxonomy":"category","embeddable":true,"href":"https:\/\/blogs.correiobraziliense.com.br\/servidor\/wp-json\/wp\/v2\/categories?post=10618"},{"taxonomy":"post_tag","embeddable":true,"href":"https:\/\/blogs.correiobraziliense.com.br\/servidor\/wp-json\/wp\/v2\/tags?post=10618"}],"curies":[{"name":"wp","href":"https:\/\/api.w.org\/{rel}","templated":true}]}}