{"id":10612,"date":"2018-10-09T17:59:35","date_gmt":"2018-10-09T20:59:35","guid":{"rendered":"https:\/\/blogs.correiobraziliense.com.br\/servidor\/?p=10612"},"modified":"2018-10-09T18:01:39","modified_gmt":"2018-10-09T21:01:39","slug":"cnj-ratifica-afastamento-de-juiz-que-pretendia-recolher-urnas-eletronicas","status":"publish","type":"post","link":"https:\/\/blogs.correiobraziliense.com.br\/servidor\/cnj-ratifica-afastamento-de-juiz-que-pretendia-recolher-urnas-eletronicas\/","title":{"rendered":"CNJ ratifica afastamento de juiz que pretendia recolher urnas eletr\u00f4nicas"},"content":{"rendered":"<p><em>O Plen\u00e1rio do Conselho Nacional de Justi\u00e7a (CNJ) ratificou hoje, por unanimidade, a liminar do ministro Humberto Martins, corregedor nacional de Justi\u00e7a, que determinou o afastamento do juiz federal Eduardo Luiz Rocha Cubas, do Tribunal Regional Federal da 1\u00aa Regi\u00e3o (TRF1), &#8220;sem preju\u00edzo de seus vencimentos&#8221;. O magistrado tinha decis\u00e3o preparada antecipadamente para ser aplicada em data futura. Em um v\u00eddeo na internet, de conte\u00fado pol\u00edtico-partid\u00e1rio, ele est\u00e1 ao lado de um candidato \u00e0s elei\u00e7\u00f5es de 2018, em frente \u00e0 sede do TSE<\/em><\/p>\n<p>A decis\u00e3o ocorreu durante na Sess\u00e3o Ordin\u00e1ria do Conselho, nesta ter\u00e7a-feira (9\/10), no julgamento da Reclama\u00e7\u00e3o Disciplinar 0008807-09.2018.2.00.0000, da Advocacia-Geral da Uni\u00e3o (AGU), que apontou diversas ilegalidades na atua\u00e7\u00e3o do juiz, em uma a\u00e7\u00e3o popular que questiona a credibilidade do sistema eletr\u00f4nico de vota\u00e7\u00e3o e apura\u00e7\u00e3o das elei\u00e7\u00f5es de 2018.<\/p>\n<p><strong>Recolhimento urnas<\/strong><br \/>\nForam apresentadas provas, registradas pelo Comando do Ex\u00e9rcito Brasileiro, que respaldaram a acusa\u00e7\u00e3o da AGU de que o magistrado pretendia recolher urnas eletr\u00f4nicas em se\u00e7\u00f5es eleitorais do pa\u00eds para testes de seguran\u00e7a. Ele entregou ao Ex\u00e9rcito uma c\u00f3pia da decis\u00e3o que pretendia prolatar.<\/p>\n<p>Um link de um v\u00eddeo postado na internet, de conte\u00fado pol\u00edtico-partid\u00e1rio, tamb\u00e9m foi apresentado na reclama\u00e7\u00e3o. Nele, o magistrado est\u00e1 ao lado de um candidato \u00e0s elei\u00e7\u00f5es de 2018, em frente \u00e0 sede do Tribunal Superior Eleitoral (TSE), onde apresenta sua manifesta\u00e7\u00e3o.<\/p>\n<p><strong>Liminar ratificada<\/strong><br \/>\nNo \u00faltimo dia 28 de setembro, o ministro Humberto Martins, em decis\u00e3o liminar, determinou o afastamento imediato do juiz Cubas. O corregedor destacou que, diante dos elementos de prova apresentados, a conduta do juiz poderia provocar inseguran\u00e7a e d\u00favidas quanto \u00e0 lisura do pleito eleitoral.<\/p>\n<p>\u201cA gravidade \u00e9 extrema e as consequ\u00eancias de eventual omiss\u00e3o deste \u00f3rg\u00e3o correicional podem acarretar s\u00e9rios danos \u00e0 estabilidade jur\u00eddica e ao estado democr\u00e1tico de direito. Preju\u00edzos esses irrepar\u00e1veis e que exigem pronta resposta por parte deste Conselho Nacional de Justi\u00e7a, em particular da Corregedoria Nacional de Justi\u00e7a\u201d, disse o corregedor.<\/p>\n<p>Com a confirma\u00e7\u00e3o da decis\u00e3o pelo Plen\u00e1rio, fica mantido o afastamento cautelar do juiz Cubas, sem preju\u00edzo de seus vencimentos. Ap\u00f3s a devida instru\u00e7\u00e3o processual, o CNJ poder\u00e1 arquivar a reclama\u00e7\u00e3o ou determinar a abertura de processo administrativo disciplinar contra o magistrado.<\/p>\n<p>O presidente do CNJ, ministro Dias Toffoli, destacou a corre\u00e7\u00e3o do Ex\u00e9rcito brasileiro que, ao receber do magistrado uma decis\u00e3o preparada antecipadamente para ser aplicada em data futura, para que cumprisse a determina\u00e7\u00e3o de busca e apreens\u00e3o das urnas eletr\u00f4nicas, relatou os fatos \u00e0 AGU, que tomou as devidas provid\u00eancias.<\/p>\n","protected":false},"excerpt":{"rendered":"<p>O Plen\u00e1rio do Conselho Nacional de Justi\u00e7a (CNJ) ratificou hoje, por unanimidade, a liminar do ministro Humberto Martins, corregedor nacional de Justi\u00e7a, que determinou o afastamento do juiz federal Eduardo Luiz Rocha Cubas, do Tribunal Regional Federal da 1\u00aa Regi\u00e3o (TRF1), &#8220;sem preju\u00edzo de seus vencimentos&#8221;. O magistrado tinha decis\u00e3o preparada antecipadamente para ser aplicada em data futura. Em um [&hellip;]<\/p>\n","protected":false},"author":27,"featured_media":0,"comment_status":"open","ping_status":"closed","sticky":false,"template":"","format":"standard","meta":{"footnotes":""},"categories":[2719],"tags":[5738,8464,254,3764,1248,13627,3539,429,2075,2776,2219,8429,5079,2053,3538,2926,5012],"class_list":["post-10612","post","type-post","status-publish","format-standard","hentry","category-servidor","tag-afastamento","tag-antecipada","tag-cnj","tag-corregedor","tag-decisao","tag-eduardo-luiz-rocha-cubas","tag-eletronicas","tag-juiz","tag-magistrado","tag-plenario","tag-ratifica","tag-recolher","tag-trf1","tag-tse","tag-urnas","tag-vencimentos","tag-video"],"_links":{"self":[{"href":"https:\/\/blogs.correiobraziliense.com.br\/servidor\/wp-json\/wp\/v2\/posts\/10612","targetHints":{"allow":["GET"]}}],"collection":[{"href":"https:\/\/blogs.correiobraziliense.com.br\/servidor\/wp-json\/wp\/v2\/posts"}],"about":[{"href":"https:\/\/blogs.correiobraziliense.com.br\/servidor\/wp-json\/wp\/v2\/types\/post"}],"author":[{"embeddable":true,"href":"https:\/\/blogs.correiobraziliense.com.br\/servidor\/wp-json\/wp\/v2\/users\/27"}],"replies":[{"embeddable":true,"href":"https:\/\/blogs.correiobraziliense.com.br\/servidor\/wp-json\/wp\/v2\/comments?post=10612"}],"version-history":[{"count":2,"href":"https:\/\/blogs.correiobraziliense.com.br\/servidor\/wp-json\/wp\/v2\/posts\/10612\/revisions"}],"predecessor-version":[{"id":10614,"href":"https:\/\/blogs.correiobraziliense.com.br\/servidor\/wp-json\/wp\/v2\/posts\/10612\/revisions\/10614"}],"wp:attachment":[{"href":"https:\/\/blogs.correiobraziliense.com.br\/servidor\/wp-json\/wp\/v2\/media?parent=10612"}],"wp:term":[{"taxonomy":"category","embeddable":true,"href":"https:\/\/blogs.correiobraziliense.com.br\/servidor\/wp-json\/wp\/v2\/categories?post=10612"},{"taxonomy":"post_tag","embeddable":true,"href":"https:\/\/blogs.correiobraziliense.com.br\/servidor\/wp-json\/wp\/v2\/tags?post=10612"}],"curies":[{"name":"wp","href":"https:\/\/api.w.org\/{rel}","templated":true}]}}