{"id":10610,"date":"2018-10-09T17:17:39","date_gmt":"2018-10-09T20:17:39","guid":{"rendered":"https:\/\/blogs.correiobraziliense.com.br\/servidor\/?p=10610"},"modified":"2018-10-09T17:17:39","modified_gmt":"2018-10-09T20:17:39","slug":"congresso-unidas-desafios-e-consequencias-do-envelhecimento-da-populacao-brasileira","status":"publish","type":"post","link":"https:\/\/blogs.correiobraziliense.com.br\/servidor\/congresso-unidas-desafios-e-consequencias-do-envelhecimento-da-populacao-brasileira\/","title":{"rendered":"Congresso Unidas: desafios e consequ\u00eancias do envelhecimento da popula\u00e7\u00e3o brasileira"},"content":{"rendered":"<p><em>Fen\u00f4meno j\u00e1 \u00e9 realidade nas operadoras de autogest\u00e3o, cujo \u00edndice de envelhecimento \u00e9 de 191,9%, resultado bem superior aos demais segmentos do mercado<\/em><\/p>\n<p>A Organiza\u00e7\u00e3o das Na\u00e7\u00f5es Unidas (ONU) prev\u00ea que, de 1950 a 2050, a popula\u00e7\u00e3o acima de 60 anos cres\u00e7a seis vezes no Brasil, o dobro do projetado para pa\u00edses como Canad\u00e1 e Holanda. Em 2030, o n\u00famero de idosos brasileiros vai superar pela primeira vez o de crian\u00e7as com at\u00e9 14 anos. No caso das operadoras de sa\u00fade de autogest\u00e3o essa j\u00e1 \u00e9 uma realidade que impacta profundamente a administra\u00e7\u00e3o dos planos. Atualmente, as autogest\u00f5es det\u00eam 25,9% dos benefici\u00e1rios com 60 anos de idade ou mais, enquanto a m\u00e9dia do setor de sa\u00fade suplementar \u00e9 pouco mais de 13%.<\/p>\n<p>O dado acima foi coletado na Pesquisa Unidas 2018, com o perfil das institui\u00e7\u00f5es de autogest\u00e3o em sa\u00fade. O mesmo levantamento apontou tamb\u00e9m que o \u00edndice de envelhecimento (propor\u00e7\u00e3o idosos X jovens at\u00e9 14 anos) dos planos de autogest\u00e3o \u00e9 de 191,9%, resultado bem superior aos demais segmentos do mercado, concentrando historicamente o maior n\u00famero de idosos e, como essa carteira n\u00e3o se renova, esse \u00edndice tem aumentado ano a ano.<\/p>\n<p>E \u00e9 sobre esses e outros desafios do envelhecimento da popula\u00e7\u00e3o brasileira que o m\u00e9dico e presidente da Alian\u00e7a Global de Centros Internacionais de Longevidade, Alexandre Kalache, e as m\u00e9dicas portuguesas Joana Abreu e Paula Silva falar\u00e3o no painel Viver mais, mas com sa\u00fade: os desafios da longevidade no Brasil, no 21\u00ba Congresso Internacional Unidas \u2013 Caminhos para Inovar, entre os dias 7 e 9 de novembro, na Costa do Sau\u00edpe, Bahia.<\/p>\n<p>Segundo Kalache, ser\u00e3o necess\u00e1rios ao Brasil apenas 18 anos (de 2012 a 2030) para dobrar a popula\u00e7\u00e3o de idosos, de 10 para 20% &#8211; o que ocorreu na Fran\u00e7a ao longo de 145 anos a partir de 1850. &#8220;H\u00e1 na\u00e7\u00f5es que conseguem postergar o efeito do envelhecimento atraindo imigrantes, o que n\u00e3o acontecer\u00e1 aqui&#8221;, afirmou em evento recente sobre Sa\u00fade da revista Exame.<\/p>\n<p>J\u00e1 as m\u00e9dicas internacionais abordar\u00e3o o tema envelhecimento tendo Portugal como refer\u00eancia. Elas falar\u00e3o sobre o servi\u00e7o de sa\u00fade do pa\u00eds e sua evolu\u00e7\u00e3o ao longo do tempo, focando nas principais \u00e1reas de interven\u00e7\u00e3o: preven\u00e7\u00e3o, tratamento e acompanhamento do benefici\u00e1rio e de sua fam\u00edlia at\u00e9 e morte, na vis\u00e3o pr\u00e1tica do m\u00e9dico de fam\u00edlia. Al\u00e9m disso, trar\u00e3o as expectativas que se desenham para os pr\u00f3ximos anos.<br \/>\n<strong>Congresso Unidas<\/strong><\/p>\n<p>Este ano, 700 congressistas devem acompanhar as palestras, entre eles: gestores de planos de sa\u00fade, dirigentes e executivos de institui\u00e7\u00f5es p\u00fablicas e privadas, m\u00e9dicos, enfermeiros, acad\u00eamicos, formadores de opini\u00e3o e prestadores de servi\u00e7os.<\/p>\n<p>Durante o Congresso acontecer\u00e1 a 4\u00aa Expo Unidas, na qual empresas fornecedoras exp\u00f5em seus produtos e servi\u00e7os desenvolvidos para atender o sistema de sa\u00fade brasileiro (equipamentos, solu\u00e7\u00f5es tecnol\u00f3gicas e ferramentas de gest\u00e3o). Tamb\u00e9m haver\u00e1 a entrega do Pr\u00eamio Sa\u00fade Unidas 2018 para os autores dos melhores trabalhos sobre a assist\u00eancia \u00e0 sa\u00fade de qualidade fundamentada nas pr\u00e1ticas da autogest\u00e3o em sa\u00fade.<\/p>\n<p><strong>Servi\u00e7o<\/strong><\/p>\n<p>21\u00ba Congresso Internacional UNIDAS \u2013 CAMINHOS PARA INOVAR<\/p>\n<p>Data: 7 a 9 de novembro<\/p>\n<p>Local: Costa do Sau\u00edpe \u2013 Bahia<\/p>\n<p>Painel &#8211; Viver mais, mas com sa\u00fade: os desafios da longevidade no Brasil<\/p>\n<p>9 de novembro, \u00e0s 11 horas, na Arena Sau\u00edpe<\/p>\n<p>Mais informa\u00e7\u00f5es: www.unidas.org.br\/21congresso<\/p>\n<p><strong>Sobre a Unidas<\/strong><\/p>\n<p>A Uni\u00e3o Nacional das Institui\u00e7\u00f5es de Autogest\u00e3o em Sa\u00fade (Unidas) \u00e9 uma entidade associativa sem fins lucrativos, representante das operadoras de autogest\u00e3o do Brasil. A autogest\u00e3o em sa\u00fade \u00e9 o segmento da sa\u00fade suplementar em que a pr\u00f3pria institui\u00e7\u00e3o \u00e9 a respons\u00e1vel pela administra\u00e7\u00e3o do plano de assist\u00eancia \u00e0 sa\u00fade oferecido aos seus empregados, servidores ou associados e respectivos dependentes. \u00c9 administrado pela \u00e1rea de Recursos Humanos das empresas ou por meio de uma Funda\u00e7\u00e3o, Associa\u00e7\u00e3o ou Caixa de Assist\u00eancia \u2013 e n\u00e3o tem fins lucrativos. Atualmente, a Unidas congrega cerca de 120 operadoras de autogest\u00e3o respons\u00e1veis por prestar assist\u00eancia a quase 4,7 milh\u00f5es de benefici\u00e1rios, que correspondem a 11% do total de vidas do setor de sa\u00fade suplementar. \u00c9 entidade acreditadora chancelada pelo Qualiss, da Ag\u00eancia Nacional de Sa\u00fade Suplementar (ANS), por meio do programa Uniplus.<\/p>\n","protected":false},"excerpt":{"rendered":"<p>Fen\u00f4meno j\u00e1 \u00e9 realidade nas operadoras de autogest\u00e3o, cujo \u00edndice de envelhecimento \u00e9 de 191,9%, resultado bem superior aos demais segmentos do mercado A Organiza\u00e7\u00e3o das Na\u00e7\u00f5es Unidas (ONU) prev\u00ea que, de 1950 a 2050, a popula\u00e7\u00e3o acima de 60 anos cres\u00e7a seis vezes no Brasil, o dobro do projetado para pa\u00edses como Canad\u00e1 e Holanda. Em 2030, o n\u00famero [&hellip;]<\/p>\n","protected":false},"author":27,"featured_media":0,"comment_status":"open","ping_status":"closed","sticky":false,"template":"","format":"standard","meta":{"footnotes":""},"categories":[2719],"tags":[1191,2388,980,164,1302,13476,4305,4017,1845,6626,443,444,11918,489,3621,10515,1054,545,616,2993],"class_list":["post-10610","post","type-post","status-publish","format-standard","hentry","category-servidor","tag-administracao","tag-autogestao","tag-beneficiarios","tag-brasil","tag-brasileira","tag-congresso-unidas","tag-consequencias","tag-criancas","tag-desafios","tag-envelhecimento","tag-idosos","tag-jovens","tag-longevidade","tag-mercado","tag-onu","tag-operadores","tag-planos-de-saude","tag-populacao","tag-saude","tag-suplementar"],"_links":{"self":[{"href":"https:\/\/blogs.correiobraziliense.com.br\/servidor\/wp-json\/wp\/v2\/posts\/10610","targetHints":{"allow":["GET"]}}],"collection":[{"href":"https:\/\/blogs.correiobraziliense.com.br\/servidor\/wp-json\/wp\/v2\/posts"}],"about":[{"href":"https:\/\/blogs.correiobraziliense.com.br\/servidor\/wp-json\/wp\/v2\/types\/post"}],"author":[{"embeddable":true,"href":"https:\/\/blogs.correiobraziliense.com.br\/servidor\/wp-json\/wp\/v2\/users\/27"}],"replies":[{"embeddable":true,"href":"https:\/\/blogs.correiobraziliense.com.br\/servidor\/wp-json\/wp\/v2\/comments?post=10610"}],"version-history":[{"count":1,"href":"https:\/\/blogs.correiobraziliense.com.br\/servidor\/wp-json\/wp\/v2\/posts\/10610\/revisions"}],"predecessor-version":[{"id":10611,"href":"https:\/\/blogs.correiobraziliense.com.br\/servidor\/wp-json\/wp\/v2\/posts\/10610\/revisions\/10611"}],"wp:attachment":[{"href":"https:\/\/blogs.correiobraziliense.com.br\/servidor\/wp-json\/wp\/v2\/media?parent=10610"}],"wp:term":[{"taxonomy":"category","embeddable":true,"href":"https:\/\/blogs.correiobraziliense.com.br\/servidor\/wp-json\/wp\/v2\/categories?post=10610"},{"taxonomy":"post_tag","embeddable":true,"href":"https:\/\/blogs.correiobraziliense.com.br\/servidor\/wp-json\/wp\/v2\/tags?post=10610"}],"curies":[{"name":"wp","href":"https:\/\/api.w.org\/{rel}","templated":true}]}}