{"id":1061,"date":"2016-02-23T20:34:07","date_gmt":"2016-02-23T23:34:07","guid":{"rendered":"https:\/\/blogs.correiobraziliense.com.br\/servidor\/?p=1061"},"modified":"2016-02-23T20:34:07","modified_gmt":"2016-02-23T23:34:07","slug":"tesouro-nomeia-novos-subsecretarios-de-divida-publica-e-politica-fiscal","status":"publish","type":"post","link":"https:\/\/blogs.correiobraziliense.com.br\/servidor\/tesouro-nomeia-novos-subsecretarios-de-divida-publica-e-politica-fiscal\/","title":{"rendered":"TESOURO NOMEIA NOVOS SUBSECRET\u00c1RIOS DE D\u00cdVIDA P\u00daBLICA E POL\u00cdTICA FISCAL"},"content":{"rendered":"<p>&nbsp;<\/p>\n<p>Os economistas Jos\u00e9 Franco Medeiros de Morais e William Baghdassarian foram indicados para assumir, respectivamente, as subsecretarias da D\u00edvida P\u00fablica e de Pol\u00edtica Fiscal da Secretaria do Tesouro Nacional. As nomea\u00e7\u00f5es devem ser publicadas nos pr\u00f3ximos dias no Di\u00e1rio Oficial da Uni\u00e3o.<\/p>\n<p>&nbsp;<\/p>\n<p>Jos\u00e9 Franco \u00e9 doutor em Economia pela Universidade de Bras\u00edlia (UnB), e completou o curso de p\u00f3s-gradua\u00e7\u00e3o \u201cThe Theory and Operation of a Modern National Economy\u201d na George Washington University. Foi professor de Economia, Finan\u00e7as e Mercado de Capitais no IBMEC-DF e na FGV-DF e \u00e9 autor de publica\u00e7\u00f5es t\u00e9cnicas na \u00e1rea da d\u00edvida, dentre as quais se destaca o artigo \u201cPol\u00edtica Monet\u00e1ria \u00d3tima em um Contexto de Elevada D\u00edvida P\u00fablica: o Caso do Brasil\u201d.<\/p>\n<p>&nbsp;<\/p>\n<p>Servidor efetivo da STN desde 2001, Franco construiu uma consistente carreira na \u00e1rea da D\u00edvida P\u00fablica, tendo ocupado os cargos de gerente da mesa de opera\u00e7\u00f5es externas e internas, coordenador e coordenador-geral de Opera\u00e7\u00f5es da D\u00edvida P\u00fablica. Ele substitui no cargo o ex-subsecret\u00e1rio Paulo Valle, que deixou a STN em dezembro de 2015 para assumir a presid\u00eancia da Brasilprev Seguros e Previd\u00eancia S.A.<\/p>\n<p>&nbsp;<\/p>\n<p>William Baghdassarian \u00e9 graduado em engenharia mec\u00e2nica pela Universidade de Bras\u00edlia (UnB) e economia pela AEUDF. Possui mestrado em Economia pela Universidade de Bras\u00edlia (UnB), MBA em Gest\u00e3o da D\u00edvida P\u00fablica pela FGV e PhD em Finan\u00e7as pelo ICMACentre \u2013 Henley Businnes School \u2013 Reino Unido. Desde 2012, \u00e9 docente do IBMEC, ministrando disciplinas de contabilidade, finan\u00e7as corporativas e gest\u00e3o financeira de empresas, dentre outras. Como representante do Minist\u00e9rio da Fazenda, Baghdassarian foi Conselheiro Fiscal da Caixa Econ\u00f4mica Federal, CaixaPar, Breitener Energ\u00e9tica (grupo Petrobr\u00e1s), Dataprev e E-Petro.<\/p>\n<p>&nbsp;<\/p>\n<p>William tamb\u00e9m \u00e9 servidor efetivo do Tesouro Nacional, desde 1998, tendo atuado como chefe da Divis\u00e3o de Gerenciamento de Riscos da D\u00edvida P\u00fablica, coordenador e coordenador-geral de Gest\u00e3o do Fundo Soberano do Brasil. Ele assume o lugar de Ot\u00e1vio Ladeira, nomeado secret\u00e1rio do Tesouro Nacional no dia 17 de fevereiro.<\/p>\n","protected":false},"excerpt":{"rendered":"<p>&nbsp; Os economistas Jos\u00e9 Franco Medeiros de Morais e William Baghdassarian foram indicados para assumir, respectivamente, as subsecretarias da D\u00edvida P\u00fablica e de Pol\u00edtica Fiscal da Secretaria do Tesouro Nacional. As nomea\u00e7\u00f5es devem ser publicadas nos pr\u00f3ximos dias no Di\u00e1rio Oficial da Uni\u00e3o. &nbsp; Jos\u00e9 Franco \u00e9 doutor em Economia pela Universidade de Bras\u00edlia (UnB), e completou o curso de [&hellip;]<\/p>\n","protected":false},"author":27,"featured_media":0,"comment_status":"open","ping_status":"closed","sticky":false,"template":"","format":"standard","meta":{"footnotes":""},"categories":[1],"tags":[967,965,435,968,966,964],"class_list":["post-1061","post","type-post","status-publish","format-standard","hentry","category-sem-categoria","tag-divida-publica","tag-nomeia","tag-novos","tag-politica-fiscal","tag-subsecretarios","tag-tesouro"],"_links":{"self":[{"href":"https:\/\/blogs.correiobraziliense.com.br\/servidor\/wp-json\/wp\/v2\/posts\/1061","targetHints":{"allow":["GET"]}}],"collection":[{"href":"https:\/\/blogs.correiobraziliense.com.br\/servidor\/wp-json\/wp\/v2\/posts"}],"about":[{"href":"https:\/\/blogs.correiobraziliense.com.br\/servidor\/wp-json\/wp\/v2\/types\/post"}],"author":[{"embeddable":true,"href":"https:\/\/blogs.correiobraziliense.com.br\/servidor\/wp-json\/wp\/v2\/users\/27"}],"replies":[{"embeddable":true,"href":"https:\/\/blogs.correiobraziliense.com.br\/servidor\/wp-json\/wp\/v2\/comments?post=1061"}],"version-history":[{"count":1,"href":"https:\/\/blogs.correiobraziliense.com.br\/servidor\/wp-json\/wp\/v2\/posts\/1061\/revisions"}],"predecessor-version":[{"id":1062,"href":"https:\/\/blogs.correiobraziliense.com.br\/servidor\/wp-json\/wp\/v2\/posts\/1061\/revisions\/1062"}],"wp:attachment":[{"href":"https:\/\/blogs.correiobraziliense.com.br\/servidor\/wp-json\/wp\/v2\/media?parent=1061"}],"wp:term":[{"taxonomy":"category","embeddable":true,"href":"https:\/\/blogs.correiobraziliense.com.br\/servidor\/wp-json\/wp\/v2\/categories?post=1061"},{"taxonomy":"post_tag","embeddable":true,"href":"https:\/\/blogs.correiobraziliense.com.br\/servidor\/wp-json\/wp\/v2\/tags?post=1061"}],"curies":[{"name":"wp","href":"https:\/\/api.w.org\/{rel}","templated":true}]}}