{"id":10587,"date":"2018-10-05T16:33:15","date_gmt":"2018-10-05T19:33:15","guid":{"rendered":"https:\/\/blogs.correiobraziliense.com.br\/servidor\/?p=10587"},"modified":"2018-10-05T16:33:15","modified_gmt":"2018-10-05T19:33:15","slug":"cnj-corregedoria-traz-recomendacoes-magistrados-para-eleicoes-2018","status":"publish","type":"post","link":"https:\/\/blogs.correiobraziliense.com.br\/servidor\/cnj-corregedoria-traz-recomendacoes-magistrados-para-eleicoes-2018\/","title":{"rendered":"CNJ &#8211;  Corregedoria traz recomenda\u00e7\u00f5es a magistrados para Elei\u00e7\u00f5es 2018"},"content":{"rendered":"<p><em>O corregedor nacional de Justi\u00e7a, ministro Humberto Martins, emitiu, na tarde de hoje (5\/10), uma nota de recomenda\u00e7\u00e3o aos magistrados brasileiros para que se abstenham de participar de manifesta\u00e7\u00f5es p\u00fablicas ou de emitir posi\u00e7\u00f5es pol\u00edtico-partid\u00e1rias em redes sociais, entrevistas, artigos ou qualquer outro meio de comunica\u00e7\u00e3o de massa, durante as Elei\u00e7\u00f5es de 2018<\/em><\/p>\n<p>A recomenda\u00e7\u00e3o de Martins se baseia em proibi\u00e7\u00f5es constantes da Constitui\u00e7\u00e3o Federal, da Lei Org\u00e2nica da Magistratura Nacional e do Provimento 71\/2018 da Corregedoria Nacional de Justi\u00e7a, e tem o objetivo de resguardar a imagem da magistratura brasileira, que n\u00e3o pode ser envolver, de modo p\u00fablico, em discuss\u00f5es pol\u00edtico-partid\u00e1rias de qualquer natureza.<\/p>\n<p>\u201cA recomenda\u00e7\u00e3o visa prevenir que magistrados pratiquem atos que possam ser caracterizados como infra\u00e7\u00e3o disciplinar apta a ensejar a instaura\u00e7\u00e3o de procedimento administrativo junto \u00e0 Corregedoria Nacional de Justi\u00e7a\u201d, afirmou o corregedor.<\/p>\n<p>Veja a nota na \u00edntegra:<\/p>\n<p>&#8220;NOTA DE RECOMENDA\u00c7\u00c3O AOS MAGISTRADOS<\/p>\n<p>O CORREGEDOR NACIONAL DE JUSTI\u00c7A, usando de suas atribui\u00e7\u00f5es constitucionais, legais e regimentais e<\/p>\n<p>CONSIDERANDO a compet\u00eancia do Corregedor Nacional de Justi\u00e7a de expedir recomenda\u00e7\u00f5es destinadas ao aperfei\u00e7oamento das atividades do Poder Judici\u00e1rio (RICNJ, art. 8\u00ba, X);<\/p>\n<p>CONSIDERANDO a proximidade do pleito eleitoral de 2018 e a necessidade de resguardar a imagem da magistratura brasileira, que n\u00e3o pode se envolver, de modo p\u00fablico, em discuss\u00f5es pol\u00edtico-partid\u00e1rias de qualquer natureza, em virtude das proibi\u00e7\u00f5es constantes da Constitui\u00e7\u00e3o Federal (art. 95, par\u00e1grafo \u00fanico, III), da Lei Org\u00e2nica da Magistratura Nacional (art. 36, III) e do Provimento 71\/2018 da Corregedoria Nacional de Justi\u00e7a;<\/p>\n<p>CONSIDERANDO que a imparcialidade e o distanciamento cr\u00edtico do Judici\u00e1rio em rela\u00e7\u00e3o \u00e0 pol\u00edtica partid\u00e1ria imp\u00f5e aos magistrados o afastamento da tomada de posi\u00e7\u00f5es p\u00fablicas que possam evidenciar prefer\u00eancia por candidato ou partido pol\u00edtico;<\/p>\n<p>CONSIDERANDO a necessidade de prevenir que magistrados pratiquem atos que possam ser caracterizados como infra\u00e7\u00e3o disciplinar apta a ensejar a instaura\u00e7\u00e3o de procedimento administrativo junto \u00e0 Corregedoria Nacional de Justi\u00e7a;<\/p>\n<p>RECOMENDA a todos os magistrados brasileiros, com exce\u00e7\u00e3o do Supremo Tribunal Federal, no exerc\u00edcio ou n\u00e3o da fun\u00e7\u00e3o eleitoral, que se abstenham de participar de manifesta\u00e7\u00f5es p\u00fablicas ou de emitir posi\u00e7\u00f5es pol\u00edtico-partid\u00e1rias em redes sociais, entrevistas, artigos ou atrav\u00e9s de qualquer outro meio de comunica\u00e7\u00e3o de massa, de modo a afastar m\u00e1cula \u00e0 imagem de independ\u00eancia do Poder Judici\u00e1rio brasileiro perante a sociedade, bem como para evitar influ\u00eancia sobre o livre exerc\u00edcio do voto consciente por parte dos cidad\u00e3os.<\/p>\n<p>Bras\u00edlia, 05 de outubro de 2018<\/p>\n<p>Ministro HUMBERTO MARTINS<br \/>\nCORREGEDOR NACIONAL DE JUSTI\u00c7A&#8221;<\/p>\n","protected":false},"excerpt":{"rendered":"<p>O corregedor nacional de Justi\u00e7a, ministro Humberto Martins, emitiu, na tarde de hoje (5\/10), uma nota de recomenda\u00e7\u00e3o aos magistrados brasileiros para que se abstenham de participar de manifesta\u00e7\u00f5es p\u00fablicas ou de emitir posi\u00e7\u00f5es pol\u00edtico-partid\u00e1rias em redes sociais, entrevistas, artigos ou qualquer outro meio de comunica\u00e7\u00e3o de massa, durante as Elei\u00e7\u00f5es de 2018 A recomenda\u00e7\u00e3o de Martins se baseia em [&hellip;]<\/p>\n","protected":false},"author":27,"featured_media":0,"comment_status":"open","ping_status":"closed","sticky":false,"template":"","format":"standard","meta":{"footnotes":""},"categories":[2719],"tags":[5899,254,559,2624,11672,621,1734,2864,13619,452,1083],"class_list":["post-10587","post","type-post","status-publish","format-standard","hentry","category-servidor","tag-artigos","tag-cnj","tag-comunicacao","tag-corregedoria","tag-eleicoes-2018","tag-magistrados","tag-manifestacoes","tag-massa","tag-politico-partidarias","tag-recomendacoes","tag-redes-sociais"],"_links":{"self":[{"href":"https:\/\/blogs.correiobraziliense.com.br\/servidor\/wp-json\/wp\/v2\/posts\/10587","targetHints":{"allow":["GET"]}}],"collection":[{"href":"https:\/\/blogs.correiobraziliense.com.br\/servidor\/wp-json\/wp\/v2\/posts"}],"about":[{"href":"https:\/\/blogs.correiobraziliense.com.br\/servidor\/wp-json\/wp\/v2\/types\/post"}],"author":[{"embeddable":true,"href":"https:\/\/blogs.correiobraziliense.com.br\/servidor\/wp-json\/wp\/v2\/users\/27"}],"replies":[{"embeddable":true,"href":"https:\/\/blogs.correiobraziliense.com.br\/servidor\/wp-json\/wp\/v2\/comments?post=10587"}],"version-history":[{"count":1,"href":"https:\/\/blogs.correiobraziliense.com.br\/servidor\/wp-json\/wp\/v2\/posts\/10587\/revisions"}],"predecessor-version":[{"id":10588,"href":"https:\/\/blogs.correiobraziliense.com.br\/servidor\/wp-json\/wp\/v2\/posts\/10587\/revisions\/10588"}],"wp:attachment":[{"href":"https:\/\/blogs.correiobraziliense.com.br\/servidor\/wp-json\/wp\/v2\/media?parent=10587"}],"wp:term":[{"taxonomy":"category","embeddable":true,"href":"https:\/\/blogs.correiobraziliense.com.br\/servidor\/wp-json\/wp\/v2\/categories?post=10587"},{"taxonomy":"post_tag","embeddable":true,"href":"https:\/\/blogs.correiobraziliense.com.br\/servidor\/wp-json\/wp\/v2\/tags?post=10587"}],"curies":[{"name":"wp","href":"https:\/\/api.w.org\/{rel}","templated":true}]}}