{"id":10577,"date":"2018-10-05T12:38:28","date_gmt":"2018-10-05T15:38:28","guid":{"rendered":"https:\/\/blogs.correiobraziliense.com.br\/servidor\/?p=10577"},"modified":"2018-10-05T12:38:28","modified_gmt":"2018-10-05T15:38:28","slug":"terminais-da-infraero-terao-postos-de-justificativa-eleitoral-no-dia-da-votacao","status":"publish","type":"post","link":"https:\/\/blogs.correiobraziliense.com.br\/servidor\/terminais-da-infraero-terao-postos-de-justificativa-eleitoral-no-dia-da-votacao\/","title":{"rendered":"Terminais da Infraero ter\u00e3o postos de justificativa eleitoral no dia da vota\u00e7\u00e3o"},"content":{"rendered":"<p><em>A Empresa Brasileira de Infraestrutura Aeroportu\u00e1ria informa aos eleitores que estiverem viajando no dia das elei\u00e7\u00f5es (7 de outubro) e n\u00e3o puderem votar na cidade onde est\u00e3o inscritos poder\u00e3o justificar a aus\u00eancia na vota\u00e7\u00e3o nos postos de justificativa eleitoral montados pelos Tribunais Regionais Eleitorais (TREs) em aeroportos administrados pela estatal<\/em><\/p>\n<p>De acordo com o comunicado, os postos funcionar\u00e3o no mesmo hor\u00e1rio de vota\u00e7\u00e3o \u2013 de 8h \u00e0s 17h.\u00a0A Infraero orienta aos passageiros eleitores que procurem os amarelinhos, funcion\u00e1rios da com o colete amarelo \u201cPosso Ajudar?\u201d, para informa\u00e7\u00f5es sobre a localiza\u00e7\u00e3o dos postos de justificativa nos terminais de passageiros. A lista dos aeroportos\u00a0poder\u00e1 ser alterada caso o TRE de cada estado resolva incluir ou retirar posto de justificativa nos aeroportos da Infraero, destaca a nota<\/p>\n<p>Confira a lista de aeroportos com postos de justificativa eleitoral confirmados pelos tribunais eleitorais dos estados at\u00e9 o dia 5 de outubro:<\/p>\n<p>&#8211; Aeroporto de Goi\u00e2nia\/Santa Genoveva;<\/p>\n<p>&#8211; Aeroporto de Vit\u00f3ria\/Eurico de Aguiar Salles;<\/p>\n<p>&#8211; Aeroporto de Aracaju\/Santa Maria;<\/p>\n<p>&#8211; Aeroporto de Teresina\/Senador Petr\u00f4nio Portella;<\/p>\n<p>&#8211; Aeroporto de Uberl\u00e2ndia\/Tenente Coronel Aviador C\u00e9sar Bombonato;<\/p>\n<p>&#8211; Aeroporto Internacional de Cuiab\u00e1\/V\u00e1rzea Grande \u2013 Marechal Rondon;<\/p>\n<p>&#8211; Aeroporto Internacional de Bel\u00e9m\/Val-de-Cans \u2013 J\u00falio Cezar Ribeiro;<\/p>\n<p>&#8211; Aeroporto Internacional de Macei\u00f3\/Zumbi dos Palmares;<\/p>\n<p>&#8211; Aeroporto Internacional do Recife\/Guararapes \u2013 Gilberto Freyre;<\/p>\n<p><strong>Como funciona a justificativa eleitoral<\/strong><\/p>\n<p>De acordo com o Tribunal Superior Eleitoral (TSE), a justificativa \u00e9 v\u00e1lida somente para o turno ao qual o eleitor n\u00e3o compareceu por estar fora de seu domic\u00edlio eleitoral. Assim, se ele deixou de votar no primeiro e no segundo turno da elei\u00e7\u00e3o, ter\u00e1 de justificar a aus\u00eancia quanto a cada um separadamente, obedecendo aos requisitos e prazos.<\/p>\n<p>O eleitor pode justificar a aus\u00eancia \u00e0s elei\u00e7\u00f5es tantas vezes quantas forem necess\u00e1rias, mas deve estar atento a eventual revis\u00e3o do eleitorado no munic\u00edpio onde for inscrito, visto que o n\u00e3o atendimento \u00e0 convoca\u00e7\u00e3o da Justi\u00e7a Eleitoral para esse fim poder\u00e1 levar ao cancelamento de seu t\u00edtulo eleitoral.<\/p>\n<p>Cada aus\u00eancia n\u00e3o justificada gera um d\u00e9bito com a Justi\u00e7a Eleitoral e, enquanto n\u00e3o for quitado, o eleitor estar\u00e1 sujeito a uma s\u00e9rie de restri\u00e7\u00f5es, conforme prev\u00ea a legisla\u00e7\u00e3o eleitoral.<\/p>\n","protected":false},"excerpt":{"rendered":"<p>A Empresa Brasileira de Infraestrutura Aeroportu\u00e1ria informa aos eleitores que estiverem viajando no dia das elei\u00e7\u00f5es (7 de outubro) e n\u00e3o puderem votar na cidade onde est\u00e3o inscritos poder\u00e3o justificar a aus\u00eancia na vota\u00e7\u00e3o nos postos de justificativa eleitoral montados pelos Tribunais Regionais Eleitorais (TREs) em aeroportos administrados pela estatal De acordo com o comunicado, os postos funcionar\u00e3o no mesmo [&hellip;]<\/p>\n","protected":false},"author":27,"featured_media":0,"comment_status":"open","ping_status":"closed","sticky":false,"template":"","format":"standard","meta":{"footnotes":""},"categories":[2719],"tags":[3572,13614,3338,11526,2343,821,4580,5139,10517,830,6740,3341,120,1498],"class_list":["post-10577","post","type-post","status-publish","format-standard","hentry","category-servidor","tag-ausencia","tag-confirmados","tag-eleitoral","tag-eleitores","tag-infraero","tag-inscritos","tag-justificativa","tag-passageiros","tag-posto","tag-postos","tag-terminais","tag-tre","tag-tribunais","tag-votacao"],"_links":{"self":[{"href":"https:\/\/blogs.correiobraziliense.com.br\/servidor\/wp-json\/wp\/v2\/posts\/10577","targetHints":{"allow":["GET"]}}],"collection":[{"href":"https:\/\/blogs.correiobraziliense.com.br\/servidor\/wp-json\/wp\/v2\/posts"}],"about":[{"href":"https:\/\/blogs.correiobraziliense.com.br\/servidor\/wp-json\/wp\/v2\/types\/post"}],"author":[{"embeddable":true,"href":"https:\/\/blogs.correiobraziliense.com.br\/servidor\/wp-json\/wp\/v2\/users\/27"}],"replies":[{"embeddable":true,"href":"https:\/\/blogs.correiobraziliense.com.br\/servidor\/wp-json\/wp\/v2\/comments?post=10577"}],"version-history":[{"count":2,"href":"https:\/\/blogs.correiobraziliense.com.br\/servidor\/wp-json\/wp\/v2\/posts\/10577\/revisions"}],"predecessor-version":[{"id":10579,"href":"https:\/\/blogs.correiobraziliense.com.br\/servidor\/wp-json\/wp\/v2\/posts\/10577\/revisions\/10579"}],"wp:attachment":[{"href":"https:\/\/blogs.correiobraziliense.com.br\/servidor\/wp-json\/wp\/v2\/media?parent=10577"}],"wp:term":[{"taxonomy":"category","embeddable":true,"href":"https:\/\/blogs.correiobraziliense.com.br\/servidor\/wp-json\/wp\/v2\/categories?post=10577"},{"taxonomy":"post_tag","embeddable":true,"href":"https:\/\/blogs.correiobraziliense.com.br\/servidor\/wp-json\/wp\/v2\/tags?post=10577"}],"curies":[{"name":"wp","href":"https:\/\/api.w.org\/{rel}","templated":true}]}}