{"id":10573,"date":"2018-10-04T15:32:53","date_gmt":"2018-10-04T18:32:53","guid":{"rendered":"https:\/\/blogs.correiobraziliense.com.br\/servidor\/?p=10573"},"modified":"2018-10-04T15:32:53","modified_gmt":"2018-10-04T18:32:53","slug":"cnte-cria-site-para-ajudar-eleitores-mapear-politicos-contra-educacao","status":"publish","type":"post","link":"https:\/\/blogs.correiobraziliense.com.br\/servidor\/cnte-cria-site-para-ajudar-eleitores-mapear-politicos-contra-educacao\/","title":{"rendered":"CNTE cria site para ajudar eleitores a mapear pol\u00edticos contra a educa\u00e7\u00e3o"},"content":{"rendered":"<p><em>P\u00e1gina possibilita busca por cargo, estado, partido e voto na reforma do ensino m\u00e9dio e na EC 95, que instituiu o teto dos gastos<\/em><\/p>\n<p>A Confedera\u00e7\u00e3o Nacional dos Trabalhadores em Educa\u00e7\u00e3o (CNTE) inaugurou uma a\u00e7\u00e3o de apoio ao processo eleitoral. Colocou no ar sistema de busca que permite pesquisar os pol\u00edticos que est\u00e3o contra a educa\u00e7\u00e3o no pa\u00eds. Basta acessar o site www.politicoscontraaeducacao.com.br e escolher as informa\u00e7\u00f5es sobre deputados e senadores, candidatos \u00e0s elei\u00e7\u00f5es esse ano, conforme o cargo, estado, partido e voto na reforma do ensino m\u00e9dio e na EC 95, do teto de gastos.<\/p>\n<p>&#8220;Os educadores j\u00e1 se mobilizaram para mais essa iniciativa em defesa da democracia. A CNTE, entidade representativa de mais de 4,5 milh\u00f5es de trabalhadores das escolas p\u00fablicas brasileiras, d\u00e1 a sua contribui\u00e7\u00e3o cidad\u00e3 contra as candidaturas que investem em projetos pol\u00edticos de exclus\u00e3o e retrocessos&#8221;, destaca a nota.<\/p>\n<p>A categoria luta por uma sociedade inclusiva e com mais direitos. \u201cSe n\u00e3o defendermos o ambiente democr\u00e1tico em nossas institui\u00e7\u00f5es, e n\u00e3o nos atentarmos para o atual sistema pol\u00edtico, n\u00e3o teremos uma educa\u00e7\u00e3o p\u00fablica gratuita e de qualidade. H\u00e1 a precariza\u00e7\u00e3o trabalhista em curso, com a desvaloriza\u00e7\u00e3o do magist\u00e9rio e do curr\u00edculo, e a limita\u00e7\u00e3o de investimento em \u00e1reas fundamentais para o desenvolvimento do Brasil\u201d, destaca Heleno Ara\u00fajo, presidente da CNTE.<\/p>\n","protected":false},"excerpt":{"rendered":"<p>P\u00e1gina possibilita busca por cargo, estado, partido e voto na reforma do ensino m\u00e9dio e na EC 95, que instituiu o teto dos gastos A Confedera\u00e7\u00e3o Nacional dos Trabalhadores em Educa\u00e7\u00e3o (CNTE) inaugurou uma a\u00e7\u00e3o de apoio ao processo eleitoral. Colocou no ar sistema de busca que permite pesquisar os pol\u00edticos que est\u00e3o contra a educa\u00e7\u00e3o no pa\u00eds. Basta acessar [&hellip;]<\/p>\n","protected":false},"author":27,"featured_media":0,"comment_status":"open","ping_status":"closed","sticky":false,"template":"","format":"standard","meta":{"footnotes":""},"categories":[2719],"tags":[300,2557,7716,48,11526,1160,56,13611,4382,1411,711,2936],"class_list":["post-10573","post","type-post","status-publish","format-standard","hentry","category-servidor","tag-cargo","tag-cnte","tag-ec-95","tag-educacao","tag-eleitores","tag-ensino-medio","tag-estado","tag-mapear","tag-partido","tag-politicos","tag-reforma","tag-site"],"_links":{"self":[{"href":"https:\/\/blogs.correiobraziliense.com.br\/servidor\/wp-json\/wp\/v2\/posts\/10573","targetHints":{"allow":["GET"]}}],"collection":[{"href":"https:\/\/blogs.correiobraziliense.com.br\/servidor\/wp-json\/wp\/v2\/posts"}],"about":[{"href":"https:\/\/blogs.correiobraziliense.com.br\/servidor\/wp-json\/wp\/v2\/types\/post"}],"author":[{"embeddable":true,"href":"https:\/\/blogs.correiobraziliense.com.br\/servidor\/wp-json\/wp\/v2\/users\/27"}],"replies":[{"embeddable":true,"href":"https:\/\/blogs.correiobraziliense.com.br\/servidor\/wp-json\/wp\/v2\/comments?post=10573"}],"version-history":[{"count":1,"href":"https:\/\/blogs.correiobraziliense.com.br\/servidor\/wp-json\/wp\/v2\/posts\/10573\/revisions"}],"predecessor-version":[{"id":10574,"href":"https:\/\/blogs.correiobraziliense.com.br\/servidor\/wp-json\/wp\/v2\/posts\/10573\/revisions\/10574"}],"wp:attachment":[{"href":"https:\/\/blogs.correiobraziliense.com.br\/servidor\/wp-json\/wp\/v2\/media?parent=10573"}],"wp:term":[{"taxonomy":"category","embeddable":true,"href":"https:\/\/blogs.correiobraziliense.com.br\/servidor\/wp-json\/wp\/v2\/categories?post=10573"},{"taxonomy":"post_tag","embeddable":true,"href":"https:\/\/blogs.correiobraziliense.com.br\/servidor\/wp-json\/wp\/v2\/tags?post=10573"}],"curies":[{"name":"wp","href":"https:\/\/api.w.org\/{rel}","templated":true}]}}