{"id":10571,"date":"2018-10-03T20:25:34","date_gmt":"2018-10-03T23:25:34","guid":{"rendered":"https:\/\/blogs.correiobraziliense.com.br\/servidor\/?p=10571"},"modified":"2018-10-03T20:25:34","modified_gmt":"2018-10-03T23:25:34","slug":"reforma-da-previdencia-e-necessaria-para-resolucao-de-pontos-criticos-do-brasil-como-educacao-saude-e-seguranca-publica","status":"publish","type":"post","link":"https:\/\/blogs.correiobraziliense.com.br\/servidor\/reforma-da-previdencia-e-necessaria-para-resolucao-de-pontos-criticos-do-brasil-como-educacao-saude-e-seguranca-publica\/","title":{"rendered":"A reforma da Previd\u00eancia \u00e9 necess\u00e1ria para a resolu\u00e7\u00e3o de pontos cr\u00edticos do Brasil como educa\u00e7\u00e3o, sa\u00fade e seguran\u00e7a p\u00fablica"},"content":{"rendered":"<p><em>&#8220;Em resumo, o problema \u00e9 muito grave e o cen\u00e1rio futuro \u00e9 bastante complexo. A rela\u00e7\u00e3o contribuinte versus benefici\u00e1rio caindo drasticamente, expectativa de vida subindo, envelhecimento da popula\u00e7\u00e3o e gasto extremamente elevado j\u00e1 no cen\u00e1rio atual e o fato de 76% da popula\u00e7\u00e3o depender muito da previd\u00eancia social nos dias de hoje.\u00a0\u00c9 preciso que a popula\u00e7\u00e3o fique atenta a este tema. Se n\u00e3o for resolvido, n\u00e3o s\u00f3 o sistema previdenci\u00e1rio vai ter problemas, mas o Brasil n\u00e3o conseguir\u00e1 investir em outras quest\u00f5es fundamentais como educa\u00e7\u00e3o, sa\u00fade e seguran\u00e7a&#8221;<\/em><\/p>\n<p><em><strong>*Raphael Swierczynski<\/strong><\/em><\/p>\n<p>Creio que muitos estejam atentos ao cen\u00e1rio pol\u00edtico, e quando poss\u00edvel, tentamos entender o que cada candidato est\u00e1 propondo para os principais temas do Brasil. Tenho visto, rotineiramente, as pessoas debatendo em rodas de conversa sobre temas como sa\u00fade, educa\u00e7\u00e3o e seguran\u00e7a p\u00fablica. Previd\u00eancia entra nas discuss\u00f5es, mas em uma menor relev\u00e2ncia na maioria das vezes. Nos debates, a reforma da previd\u00eancia vem sendo tratada com a mesma intensidade que os demais temas &#8211; que realmente s\u00e3o cr\u00edticos no Brasil. Mas dada a consequ\u00eancia do d\u00e9ficit da previd\u00eancia, o tema deveria ter muito mais relev\u00e2ncia nestas discuss\u00f5es.<\/p>\n<p>A d\u00favida \u00e9 a seguinte, as pessoas sabem o real impacto do problema da previd\u00eancia no pa\u00eds e que isso inviabiliza investimentos em qualquer outra \u00e1rea? Ou seja, caso o problema n\u00e3o seja resolvido, fica muito dif\u00edcil resolver os demais.<\/p>\n<p>Abaixo, seguem alguns dados que comprovam essas conclus\u00f5es:<\/p>\n<p>1\u00b0 &#8211; O governo projeta para 2019 que os gastos com a previd\u00eancia consumir\u00e3o 53,4% do or\u00e7amento total;<\/p>\n<p>2\u00b0 &#8211; Somente o d\u00e9ficit da previd\u00eancia estimado para 2019 ser\u00e1 maior do que os or\u00e7amentos das \u00e1reas de sa\u00fade, seguran\u00e7a p\u00fablica e educa\u00e7\u00e3o somadas;<\/p>\n<p>3\u00b0 &#8211; Em 2017, somente 13% da popula\u00e7\u00e3o se enquadra como idosa, e em 2026 ser\u00e3o 32% de idosos no Brasil usufruindo dos benef\u00edcios da previd\u00eancia;<\/p>\n<p>4\u00b0 &#8211; Atualmente, temos cerca de 8 pessoas contribuindo para a previd\u00eancia para cada pessoa que se beneficia do sistema. Em 2060 a proje\u00e7\u00e3o \u00e9 termos 2 contribuintes para cada benefici\u00e1rio. Ter\u00edamos que arrecadar 4 vezes mais de cada contribuinte para manter o sistema como est\u00e1 hoje;<\/p>\n<p>5\u00b0 &#8211; O Brasil gasta cerca de 12% do PIB com previd\u00eancia, enquanto pa\u00edses com a mesma propor\u00e7\u00e3o de idosos na popula\u00e7\u00e3o gasta, em m\u00e9dia, menos de 4% do PIB;<\/p>\n<p>6\u00b0 &#8211; A expectativa de vida do brasileiro vai subir cerca de 15% at\u00e9 2060 (o que significa que o sistema previdenci\u00e1rio vai ter que pagar o benef\u00edcio, em m\u00e9dia, por um per\u00edodo 15% maior do que \u00e9 hoje);<\/p>\n<p>7\u00b0 &#8211; Servidores p\u00fablicos recebem uma aposentadoria maior que os funcion\u00e1rios da iniciativa privada. Caso essa diferen\u00e7a seja ajustada, 30% do d\u00e9ficit seria resolvido (ou seja, apesar de importante, s\u00f3 isso n\u00e3o resolve a quest\u00e3o).<\/p>\n<p>Em resumo, o problema \u00e9 muito grave e o cen\u00e1rio futuro \u00e9 bastante complexo. A rela\u00e7\u00e3o contribuinte versus benefici\u00e1rio caindo drasticamente, expectativa de vida subindo, envelhecimento da popula\u00e7\u00e3o e gasto extremamente elevado j\u00e1 no cen\u00e1rio atual e o fato de 76% da popula\u00e7\u00e3o depender muito da previd\u00eancia social j\u00e1 nos dias de hoje.<\/p>\n<p>\u00c9 preciso que a popula\u00e7\u00e3o fique atenta a este tema, pois se n\u00e3o for resolvido, n\u00e3o s\u00f3 o sistema previdenci\u00e1rio vai ter problemas, mas como o Brasil n\u00e3o conseguir\u00e1 investir em outras quest\u00f5es fundamentais como educa\u00e7\u00e3o, sa\u00fade e seguran\u00e7a.<\/p>\n<p><em>*Raphael Swierczynski<\/em>\u00a0&#8211; CEO da Ciclic, primeira fintech do mercado de previd\u00eancia complementar.<\/p>\n","protected":false},"excerpt":{"rendered":"<p>&#8220;Em resumo, o problema \u00e9 muito grave e o cen\u00e1rio futuro \u00e9 bastante complexo. A rela\u00e7\u00e3o contribuinte versus benefici\u00e1rio caindo drasticamente, expectativa de vida subindo, envelhecimento da popula\u00e7\u00e3o e gasto extremamente elevado j\u00e1 no cen\u00e1rio atual e o fato de 76% da popula\u00e7\u00e3o depender muito da previd\u00eancia social nos dias de hoje.\u00a0\u00c9 preciso que a popula\u00e7\u00e3o fique atenta a este [&hellip;]<\/p>\n","protected":false},"author":27,"featured_media":0,"comment_status":"open","ping_status":"closed","sticky":false,"template":"","format":"standard","meta":{"footnotes":""},"categories":[2719],"tags":[3782,164,356,11041,48,6626,3884,4488,545,1719,147,9727,616,208,961,372],"class_list":["post-10571","post","type-post","status-publish","format-standard","hentry","category-servidor","tag-beneficiario","tag-brasil","tag-contribuinte","tag-criticos","tag-educacao","tag-envelhecimento","tag-investir","tag-pontos","tag-populacao","tag-problemas","tag-publica","tag-reforma-da-previdencia","tag-saude","tag-seguranca","tag-sistema","tag-vida"],"_links":{"self":[{"href":"https:\/\/blogs.correiobraziliense.com.br\/servidor\/wp-json\/wp\/v2\/posts\/10571","targetHints":{"allow":["GET"]}}],"collection":[{"href":"https:\/\/blogs.correiobraziliense.com.br\/servidor\/wp-json\/wp\/v2\/posts"}],"about":[{"href":"https:\/\/blogs.correiobraziliense.com.br\/servidor\/wp-json\/wp\/v2\/types\/post"}],"author":[{"embeddable":true,"href":"https:\/\/blogs.correiobraziliense.com.br\/servidor\/wp-json\/wp\/v2\/users\/27"}],"replies":[{"embeddable":true,"href":"https:\/\/blogs.correiobraziliense.com.br\/servidor\/wp-json\/wp\/v2\/comments?post=10571"}],"version-history":[{"count":1,"href":"https:\/\/blogs.correiobraziliense.com.br\/servidor\/wp-json\/wp\/v2\/posts\/10571\/revisions"}],"predecessor-version":[{"id":10572,"href":"https:\/\/blogs.correiobraziliense.com.br\/servidor\/wp-json\/wp\/v2\/posts\/10571\/revisions\/10572"}],"wp:attachment":[{"href":"https:\/\/blogs.correiobraziliense.com.br\/servidor\/wp-json\/wp\/v2\/media?parent=10571"}],"wp:term":[{"taxonomy":"category","embeddable":true,"href":"https:\/\/blogs.correiobraziliense.com.br\/servidor\/wp-json\/wp\/v2\/categories?post=10571"},{"taxonomy":"post_tag","embeddable":true,"href":"https:\/\/blogs.correiobraziliense.com.br\/servidor\/wp-json\/wp\/v2\/tags?post=10571"}],"curies":[{"name":"wp","href":"https:\/\/api.w.org\/{rel}","templated":true}]}}