{"id":10567,"date":"2018-10-03T15:58:09","date_gmt":"2018-10-03T18:58:09","guid":{"rendered":"https:\/\/blogs.correiobraziliense.com.br\/servidor\/?p=10567"},"modified":"2018-10-03T15:58:09","modified_gmt":"2018-10-03T18:58:09","slug":"funpresp-anuncia-ponto-de-equilibrio-cinco-anos-antes-do-previsto","status":"publish","type":"post","link":"https:\/\/blogs.correiobraziliense.com.br\/servidor\/funpresp-anuncia-ponto-de-equilibrio-cinco-anos-antes-do-previsto\/","title":{"rendered":"Funpresp anuncia ponto de equil\u00edbrio cinco anos antes do previsto"},"content":{"rendered":"<p><em>Alcance da marca permite redu\u00e7\u00e3o de taxas ao participante e\u00a0in\u00edcio da devolu\u00e7\u00e3o de aporte da Uni\u00e3o, de R$ 73 milh\u00f5es, destaca a dire\u00e7\u00e3o da Funpresp. A taxa de carregamento dever\u00e1 cair de 7% para 4,5% ao ano<\/em><\/p>\n<p>A Funda\u00e7\u00e3o de Previd\u00eancia Complementar do Servidor P\u00fablico\u00a0Federal (Funpresp) informou que alcan\u00e7ou ontem, 2 de outubro,\u00a0 o ponto de equil\u00edbrio. O chamado break-even point, explicou, ocorre quando as\u00a0despesas e receitas administrativas de uma entidade atingem o\u00a0mesmo patamar, conforme prev\u00ea a Instru\u00e7\u00e3o no 03 de 2018 da\u00a0Superintend\u00eancia Nacional de Previd\u00eancia Complementar\u00a0(Previc). &#8220;A previs\u00e3o era de que a Funda\u00e7\u00e3o chegasse \u00e0 marca em\u00a0novembro de 2023 \u2013 a meta foi alcan\u00e7ada, portanto, cinco anos\u00a0antes da previs\u00e3o inicial&#8221;, destaca a nota.<\/p>\n<p>A partir de agora, a Funpresp come\u00e7ar\u00e1 a devolver o valor aportado em\u00a02013 pela Uni\u00e3o (no ato de cria\u00e7\u00e3o da Entidade), referente ao\u00a0adiantamento de contribui\u00e7\u00e3o futura, num total de R$ 73<br \/>\nmilh\u00f5es (sendo R$ 48 milh\u00f5es do Executivo e R$ 25 milh\u00f5es do\u00a0Legislativo). &#8220;Foi utilizado apenas 23% desse montante. A\u00a0devolu\u00e7\u00e3o ser\u00e1 feita gradativamente a partir de abril de 2019,\u00a0conforme previs\u00e3o em contrato firmado em 2014 entre a\u00a0Funpresp e os patrocinadores, e o artigo 25 da Lei 12.618\/2012&#8221;, diz o documento da Funpresp.<\/p>\n<p>O diretor-presidente da Funpresp, Ricardo Pena, afirmou que o\u00a0alcance da marca \u00e9 consequ\u00eancia da governan\u00e7a. \u201cA entidade conta com gestores qualificados nas suas\u00a0\u00e1reas de atua\u00e7\u00e3o. A gest\u00e3o respons\u00e1vel dos investimentos faz da\u00a0Funpresp, com apenas cinco anos de vida, uma entidade\u00a0acess\u00edvel, com escala, de baixo custo e simples, que j\u00e1 conta com\u00a0mais de 70 mil participantes e R$ 1,1 bilh\u00e3o de patrim\u00f4nio\u201d,\u00a0afirmou.<\/p>\n<p><strong>Benef\u00edcios<\/strong><\/p>\n<p>A marca permite \u00e0 Funpresp iniciar o plano de\u00a0redu\u00e7\u00e3o da taxa de carregamento, paga pelo participante para\u00a0custear as despesas administrativas da Funda\u00e7\u00e3o. A redu\u00e7\u00e3o ser\u00e1\u00a0gradativa a partir de abril do ano que vem, conforme decis\u00e3o do\u00a0Conselho Deliberativo. A diminui\u00e7\u00e3o ocorrer\u00e1 de\u00a0acordo com o\u00a0tempo de filia\u00e7\u00e3o dos participantes aos planos ExecPrev e\u00a0LegisPrev, passando de 7% a 4,5%. A\u00a0diferen\u00e7a da taxa ir\u00e1 compor a reserva individual do participante.\u00a0Lembrando que na Funpresp n\u00e3o \u00e9 cobrada taxa de\u00a0administra\u00e7\u00e3o, que incide sobre a reserva individual anualmente.<\/p>\n","protected":false},"excerpt":{"rendered":"<p>Alcance da marca permite redu\u00e7\u00e3o de taxas ao participante e\u00a0in\u00edcio da devolu\u00e7\u00e3o de aporte da Uni\u00e3o, de R$ 73 milh\u00f5es, destaca a dire\u00e7\u00e3o da Funpresp. A taxa de carregamento dever\u00e1 cair de 7% para 4,5% ao ano A Funda\u00e7\u00e3o de Previd\u00eancia Complementar do Servidor P\u00fablico\u00a0Federal (Funpresp) informou que alcan\u00e7ou ontem, 2 de outubro,\u00a0 o ponto de equil\u00edbrio. O chamado break-even [&hellip;]<\/p>\n","protected":false},"author":27,"featured_media":0,"comment_status":"open","ping_status":"closed","sticky":false,"template":"","format":"standard","meta":{"footnotes":""},"categories":[2719],"tags":[7237,13610,3488,820,2470,13364,13609,325,702,3025,330],"class_list":["post-10567","post","type-post","status-publish","format-standard","hentry","category-servidor","tag-aporte","tag-carregamento","tag-devolucao","tag-funpresp","tag-individual","tag-participante","tag-ponto-de-equilibrio","tag-reducao","tag-reserva","tag-taxas","tag-uniao"],"_links":{"self":[{"href":"https:\/\/blogs.correiobraziliense.com.br\/servidor\/wp-json\/wp\/v2\/posts\/10567","targetHints":{"allow":["GET"]}}],"collection":[{"href":"https:\/\/blogs.correiobraziliense.com.br\/servidor\/wp-json\/wp\/v2\/posts"}],"about":[{"href":"https:\/\/blogs.correiobraziliense.com.br\/servidor\/wp-json\/wp\/v2\/types\/post"}],"author":[{"embeddable":true,"href":"https:\/\/blogs.correiobraziliense.com.br\/servidor\/wp-json\/wp\/v2\/users\/27"}],"replies":[{"embeddable":true,"href":"https:\/\/blogs.correiobraziliense.com.br\/servidor\/wp-json\/wp\/v2\/comments?post=10567"}],"version-history":[{"count":1,"href":"https:\/\/blogs.correiobraziliense.com.br\/servidor\/wp-json\/wp\/v2\/posts\/10567\/revisions"}],"predecessor-version":[{"id":10568,"href":"https:\/\/blogs.correiobraziliense.com.br\/servidor\/wp-json\/wp\/v2\/posts\/10567\/revisions\/10568"}],"wp:attachment":[{"href":"https:\/\/blogs.correiobraziliense.com.br\/servidor\/wp-json\/wp\/v2\/media?parent=10567"}],"wp:term":[{"taxonomy":"category","embeddable":true,"href":"https:\/\/blogs.correiobraziliense.com.br\/servidor\/wp-json\/wp\/v2\/categories?post=10567"},{"taxonomy":"post_tag","embeddable":true,"href":"https:\/\/blogs.correiobraziliense.com.br\/servidor\/wp-json\/wp\/v2\/tags?post=10567"}],"curies":[{"name":"wp","href":"https:\/\/api.w.org\/{rel}","templated":true}]}}