{"id":10535,"date":"2018-09-27T14:27:54","date_gmt":"2018-09-27T17:27:54","guid":{"rendered":"https:\/\/blogs.correiobraziliense.com.br\/servidor\/?p=10535"},"modified":"2018-09-27T14:27:54","modified_gmt":"2018-09-27T17:27:54","slug":"oito-em-cada-dez-idosos-tem-percepcao-positiva-da-terceira-idade-revelam-cndlspc-brasil","status":"publish","type":"post","link":"https:\/\/blogs.correiobraziliense.com.br\/servidor\/oito-em-cada-dez-idosos-tem-percepcao-positiva-da-terceira-idade-revelam-cndlspc-brasil\/","title":{"rendered":"Oito em cada dez idosos t\u00eam percep\u00e7\u00e3o positiva da terceira idade, revelam  CNDL\/SPC Brasil"},"content":{"rendered":"<p><em>Boa parte dos entrevistados tem orgulho de suas realiza\u00e7\u00f5es e sente-se jovem para aproveitar a vida. Pesquisa mostra que 68% acessam a internet e 52% encontram dificuldades em achar produtos para sua faixa et\u00e1ria.\u00a0A pesquisa demonstra que, ao contr\u00e1rio de d\u00e9cadas atr\u00e1s, pertencer \u00e0 terceira idade hoje em dia n\u00e3o significa, necessariamente, sentir-se velho<\/em><\/p>\n<p>O aumento da popula\u00e7\u00e3o idosa, que deve triplicar nas pr\u00f3ximas quatro d\u00e9cadas no pa\u00eds, imp\u00f5e uma s\u00e9rie de desafios para a sociedade. Para entender como os idosos enxergam essa fase da vida, a Confedera\u00e7\u00e3o Nacional de Dirigentes Lojistas (CNDL) e o Servi\u00e7o de Prote\u00e7\u00e3o ao Cr\u00e9dito (SPC Brasil) fizeram uma pesquisa, em todas as capitais, com a popula\u00e7\u00e3o acima dos 60 anos. O levantamento revela que\u00a0em cada dez entrevistados, oito (82%) encaram a terceira idade de forma positiva\u00a0e, atribuem, em m\u00e9dia, nota oito para o grau de felicidade com o atual momento. Os sentimentos positivos que os entrevistados mais vivenciam nesse est\u00e1gio de vida s\u00e3o tranquilidade (36%), felicidade (30%), disposi\u00e7\u00e3o para atividades do dia a dia (22%), independ\u00eancia (20%) e produtividade para manter-se ativos (20%). H\u00e1 ainda 18% de idosos que se consideram saud\u00e1veis e 12% que possuem planos para o futuro.<\/p>\n<p>A pesquisa demonstra que, ao contr\u00e1rio de d\u00e9cadas atr\u00e1s, pertencer \u00e0 terceira idade hoje em dia n\u00e3o significa, necessariamente, sentir-se velho. De modo geral, 75% dos idosos atribuem \u00e0 essa etapa da vida caracter\u00edsticas positivas como ter mais\u00a0sabedoria (40%), orgulho das pr\u00f3prias realiza\u00e7\u00f5es (37%) e sensa\u00e7\u00e3o de dever cumprido (35%). Embora 42% dos entrevistados n\u00e3o tenham respondido o quanto esperam viver, a expectativa entre os que responderam \u00e9 de 90 anos, em m\u00e9dia.<\/p>\n<p>Mesmo que a terceira idade seja vista de maneira positiva para a maioria dos idosos,\u00a056% dos entrevistados enxergam algum atributo negativo\u00a0atrelado \u00e0 essa fase da vida, sobretudo pela perda da sa\u00fade (29%), n\u00e3o encontrar oportunidades no mercado de trabalho (15%), sentir-se desrespeitado (14%) e depender de outras pessoas (14%). \u201cOs brasileiros est\u00e3o envelhecendo melhor. Hoje, a popula\u00e7\u00e3o acima de 60 anos est\u00e1 mais ativa, gosta de manter um bom conv\u00edvio social e de estar bem informada, al\u00e9m de ter uma preocupa\u00e7\u00e3o\u00a0maior com a apar\u00eancia e at\u00e9 fazer planos para o futuro, porque ainda espera viver muito mais\u201d, avalia a economista-chefe do SPC Brasil, Marcela Kawauti.<\/p>\n<p><strong>Para maioria, retardar efeitos do envelhecimento n\u00e3o \u00e9 prioridade; 61% se sentem jovem para aproveitar a vida\u00a0<\/strong><\/p>\n<p>At\u00e9 que ponto o envelhecimento chega a ser uma preocupa\u00e7\u00e3o? A pesquisa indica que 34% t\u00eam se sentido mais vaidosos \u2014 percentual que sobre para 40% na popula\u00e7\u00e3o entre 60 a 69 anos \u2014 e boa parte procura se cuidar com frequ\u00eancia para viver mais, seja por meio medicamentos para melhorar a sa\u00fade (71%) ou por tratamentos e atividades f\u00edsicas (37%).<\/p>\n<p>O avan\u00e7o do tempo \u00e9 visto com naturalidade por muitos, sem que haja uma obsess\u00e3o por aparentar uma idade que n\u00e3o condiz com a realidade. Prova disso \u00e9 que 58% n\u00e3o se sentem incomodados ao perceber os efeitos do envelhecimento. Al\u00e9m disso, 81% mostraram-se pouco dispostos a gastar tudo o que t\u00eam em troca de uma apar\u00eancia mais jovem e\u00a080% disseram n\u00e3o fazer qualquer tipo de tratamento para retardar os efeitos do envelhecimento. Ainda de acordo com o estudo,\u00a061% afirmam sentir-se jovens para aproveitar a vida, enquanto 38% reconhecem j\u00e1 ter sofrido algum tipo de discrimina\u00e7\u00e3o por n\u00e3o serem mais t\u00e3o novos.<\/p>\n<p>Tamb\u00e9m h\u00e1 uma n\u00edtida preocupa\u00e7\u00e3o com a autoestima e experi\u00eancias que preencham o tempo de maneira gratificante. Indagados sobre o que fazem para se sentir bem, 44% dos idosos buscam se alimentar de forma saud\u00e1vel, 37% tingem o cabelo, 36% procuram visitar regularmente o m\u00e9dico e 31% controlam o peso. Em contrapartida, 17% garantem n\u00e3o fazer nada a esse respeito.<\/p>\n<p>E ao contr\u00e1rio do que se imagina, a terceira idade n\u00e3o impede de pensar em fazer planos para o futuro. Dentre os desejos citados pelos entrevistados para os pr\u00f3ximos dois anos, destacam-se a possibilidade de aproveitar a vida com familiares e amigos (32%), viajar pelo Brasil (21%), pagar d\u00edvidas pendentes (14%), comprar ou reformar a casa (13%) e viajar pelo mundo (11%). Sobre os medos em rela\u00e7\u00e3o ao que pode acontecer, 33% mencionam a chance de ter uma sa\u00fade f\u00edsica deficiente, 32% temem ficar doentes a ponto de depender de outras pessoas e 31% citam a perda da lucidez.<\/p>\n<p><strong>68% dos idosos acessam a internet; seis em cada dez t\u00eam smartphone<\/strong><\/p>\n<p>Aprender novas habilidades, estimular a capacidade cognitiva e cultivar a conviv\u00eancia social s\u00e3o essenciais para manter-se ativo na terceira idade. E a tecnologia vem contribuindo quanto \u00e0s formas de se relacionar com as pessoas e com o mundo. Dados da pesquisa mostram que\u00a068% dos idosos acessam a internet, dos quais 47% costumam ficar conectados todos os dias, com uma m\u00e9dia de acesso de seis dias por semana, e 63% possuem smartphone.<\/p>\n<p>Dentre o p\u00fablico da terceira idade que utiliza a internet,\u00a077% acessam por smartphone, 40% pelo computador, 30% por meio do notebook e 14% pelo tablet. Segundo os entrevistados,\u00a0os principais motivos para navegar na internet s\u00e3o manter o contato com conhecidos (68%), ficar informado sobre os principais assuntos que acontecem no mundo (47%), buscar informa\u00e7\u00f5es sobre produtos e servi\u00e7os (44%), fazer transa\u00e7\u00f5es banc\u00e1rias (28%), n\u00e3o ficar ultrapassado (21%) e fazer compras (21%).<\/p>\n<p>Quando se avalia os itens mais adquiridos pelos idosos que usam a internet, destaque para\u00a0eletroeletr\u00f4nicos (60%), eletrodom\u00e9sticos (56%), viagens (43%), livros (33%), m\u00f3veis (30%), roupas (30%) e rem\u00e9dios (28%). Apesar do h\u00e1bito de fazer compras virtuais,\u00a0oito em cada dez (80%) que utilizam a internet preocupam-se com fraudes,\u00a0como o roubo de informa\u00e7\u00f5es de cart\u00f5es e documentos (80%). Al\u00e9m disso, 80% temem pela seguran\u00e7a e privacidade das informa\u00e7\u00f5es pessoais durante a compra online via dispositivos m\u00f3veis.<\/p>\n<p><strong>52% encontram dificuldades em achar produtos para a terceira idade<\/strong><\/p>\n<p>Dados da pesquisa tamb\u00e9m revelam o expressivo potencial de consumo ainda inexplorado pelo mercado em rela\u00e7\u00e3o a esta parcela de brasileiros. Mais da metade dos entrevistados(52%) considera dif\u00edcil encontrar algum produto espec\u00edfico para a terceira idade, principalmente alimentos pr\u00f3prios para a faixa et\u00e1ria (17%), locais para sair que tenham p\u00fablico da terceira idade, como bares, restaurantes e casas noturnas (16%), aparelhos celulares com letras e teclados maiores (15%) e roupas (12%). Outros 37% concordam que h\u00e1 poucos produtos voltados para o p\u00fablico da terceira idade.<\/p>\n<p>J\u00e1 45% mencionam n\u00e3o comprar alguns produtos ou servi\u00e7os que sentem vontade por encontrar dificuldade em contratar cr\u00e9dito que facilite essa\u00a0aquisi\u00e7\u00e3o. Em rela\u00e7\u00e3o aos locais que mais costumam fazer compras, 48% citaram ir com frequ\u00eancia \u00e0s farm\u00e1cias e drogarias, 36% em lojas de rua ou de bairro e 36% em lojas de departamento. Quanto aos aspectos a serem melhorados nos estabelecimentos, os entrevistados destacaram bom atendimento (48%), r\u00f3tulos de produtos f\u00e1ceis de ler (33%), bancos para descanso (32%), boa ilumina\u00e7\u00e3o (27%) e embalagens mais f\u00e1ceis de abrir (26%).<\/p>\n<p>Para a economista do SPC Brasil, o mercado ainda tem muito a oferecer ao p\u00fablico da terceira idade. \u201cOs idosos podem ser consumidores ativos e exigentes, como qualquer pessoa. Querem investir em qualidade de vida, sabem de suas necessidades e prioridades, mas nem sempre encontram produtos e servi\u00e7os que atendam a estas expectativas. As empresas t\u00eam uma oportunidade de ouro, sobretudo nas pr\u00f3ximas d\u00e9cadas, em termos financeiros, j\u00e1 que a popula\u00e7\u00e3o idosa ainda ir\u00e1 crescer muito\u201d, observa.<\/p>\n<p><strong>Metodologia<\/strong><\/p>\n<p>Foram entrevistados 612 consumidores com idade acima de 60 anos de ambos os g\u00eaneros e de todas as classes sociais, nas 27 capitais brasileiras. A margem de erro \u00e9 de 4,0 pontos percentuais para um intervalo de confian\u00e7a a 95%. Baixe a \u00edntegra da pesquisa em<a href=\"http:\/\/implink.imprensa.spcbrasil.org.br\/cl\/PEFjR\/CRtf\/80c5\/ErbCQMjlah8\/BKpk\/CNokB3-J0vS\/1\/\" target=\"_blank\">https:\/\/www.spcbrasil.org.br\/pesquisas<\/a><\/p>\n","protected":false},"excerpt":{"rendered":"<p>Boa parte dos entrevistados tem orgulho de suas realiza\u00e7\u00f5es e sente-se jovem para aproveitar a vida. Pesquisa mostra que 68% acessam a internet e 52% encontram dificuldades em achar produtos para sua faixa et\u00e1ria.\u00a0A pesquisa demonstra que, ao contr\u00e1rio de d\u00e9cadas atr\u00e1s, pertencer \u00e0 terceira idade hoje em dia n\u00e3o significa, necessariamente, sentir-se velho O aumento da popula\u00e7\u00e3o idosa, que [&hellip;]<\/p>\n","protected":false},"author":27,"featured_media":0,"comment_status":"open","ping_status":"closed","sticky":false,"template":"","format":"standard","meta":{"footnotes":""},"categories":[2719],"tags":[13524,1845,2527,13586,443,2882,13585,9542,8037,187,545,1990,221,13584,5442,13587],"class_list":["post-10535","post","type-post","status-publish","format-standard","hentry","category-servidor","tag-cndlspc-brasil","tag-desafios","tag-entrevistados","tag-faixa-etaria","tag-idosos","tag-internet","tag-jovem-vida","tag-orgulho","tag-percepcao","tag-pesquisa","tag-populacao","tag-positiva","tag-produtos","tag-realizacoes","tag-terceira-idade","tag-velho"],"_links":{"self":[{"href":"https:\/\/blogs.correiobraziliense.com.br\/servidor\/wp-json\/wp\/v2\/posts\/10535","targetHints":{"allow":["GET"]}}],"collection":[{"href":"https:\/\/blogs.correiobraziliense.com.br\/servidor\/wp-json\/wp\/v2\/posts"}],"about":[{"href":"https:\/\/blogs.correiobraziliense.com.br\/servidor\/wp-json\/wp\/v2\/types\/post"}],"author":[{"embeddable":true,"href":"https:\/\/blogs.correiobraziliense.com.br\/servidor\/wp-json\/wp\/v2\/users\/27"}],"replies":[{"embeddable":true,"href":"https:\/\/blogs.correiobraziliense.com.br\/servidor\/wp-json\/wp\/v2\/comments?post=10535"}],"version-history":[{"count":1,"href":"https:\/\/blogs.correiobraziliense.com.br\/servidor\/wp-json\/wp\/v2\/posts\/10535\/revisions"}],"predecessor-version":[{"id":10536,"href":"https:\/\/blogs.correiobraziliense.com.br\/servidor\/wp-json\/wp\/v2\/posts\/10535\/revisions\/10536"}],"wp:attachment":[{"href":"https:\/\/blogs.correiobraziliense.com.br\/servidor\/wp-json\/wp\/v2\/media?parent=10535"}],"wp:term":[{"taxonomy":"category","embeddable":true,"href":"https:\/\/blogs.correiobraziliense.com.br\/servidor\/wp-json\/wp\/v2\/categories?post=10535"},{"taxonomy":"post_tag","embeddable":true,"href":"https:\/\/blogs.correiobraziliense.com.br\/servidor\/wp-json\/wp\/v2\/tags?post=10535"}],"curies":[{"name":"wp","href":"https:\/\/api.w.org\/{rel}","templated":true}]}}