{"id":10523,"date":"2018-09-26T11:12:43","date_gmt":"2018-09-26T14:12:43","guid":{"rendered":"https:\/\/blogs.correiobraziliense.com.br\/servidor\/?p=10523"},"modified":"2018-09-26T11:12:43","modified_gmt":"2018-09-26T14:12:43","slug":"decreto-no-9-5072018-ameaca-profissionalizacao-do-servico-publico-alerta-anamatra","status":"publish","type":"post","link":"https:\/\/blogs.correiobraziliense.com.br\/servidor\/decreto-no-9-5072018-ameaca-profissionalizacao-do-servico-publico-alerta-anamatra\/","title":{"rendered":"Decreto n\u00ba 9.507\/2018 amea\u00e7a profissionaliza\u00e7\u00e3o do servi\u00e7o p\u00fablico, alerta Anamatra"},"content":{"rendered":"<p><em>Em nota, entidade reitera posi\u00e7\u00e3o de que\u00a0a Lei n. 6.019\/1974, alterada pela reforma trabalhista, no que tange \u00e0 presta\u00e7\u00e3o de servi\u00e7os a terceiros, n\u00e3o se aplica \u00e0 administra\u00e7\u00e3o p\u00fablica direta<\/em><\/p>\n<p>Veja a nota:<\/p>\n<p>&#8220;A Associa\u00e7\u00e3o Nacional dos Magistrados da Justi\u00e7a do Trabalho (Anamatra), entidade representativa de 4 mil ju\u00edzes do Trabalho de todo o Brasil, a prop\u00f3sito do Decreto n. 9.507\/2018, editado pelo Poder Executivo Federal e publicado no Di\u00e1rio Oficial da Uni\u00e3o em 24.09.2018, vem a p\u00fablico externar o seguinte.<\/p>\n<p>1.\u00a0A pretexto de regulamentar a terceiriza\u00e7\u00e3o &#8211; eufemisticamente chamada de \u201cexecu\u00e7\u00e3o indireta\u201d de servi\u00e7os &#8211; no \u00e2mbito da Administra\u00e7\u00e3o P\u00fablica Federal direta, aut\u00e1rquica e fundacional, das empresas p\u00fablicas e das sociedades de economia mista da Uni\u00e3o, o Decreto n. 9.507\/2018\u00a0 abriu caminho para que as mais usuais pr\u00e1ticas de terceiriza\u00e7\u00e3o possam virtualmente se dar em qualquer setor ou \u00f3rg\u00e3o dos servi\u00e7os p\u00fablicos federais. Ao faz\u00ea-lo, amea\u00e7a a profissionaliza\u00e7\u00e3o e a qualidade desses servi\u00e7os, esgar\u00e7a o patrim\u00f4nio jur\u00eddico conquistado por seus servidores e compromete a pr\u00f3pria impessoalidade administrativa que deve reger a gest\u00e3o da coisa p\u00fablica, vez que o trepasse de servi\u00e7os a interpostas empresas poder\u00e1 concretamente atentar contra o teor do art. 37, II, da Constitui\u00e7\u00e3o Federal, quando vincula expressa e rigorosamente a investidura em cargos, fun\u00e7\u00f5es ou empregos p\u00fablicos \u00e0 pr\u00e9via aprova\u00e7\u00e3o em concurso p\u00fablico de provas ou de provas e t\u00edtulos, ressalvadas somente as nomea\u00e7\u00f5es para cargo em comiss\u00e3o de livre nomea\u00e7\u00e3o e exonera\u00e7\u00e3o, assim declarado em lei.<\/p>\n<p>2.\u00a0Inovando em rela\u00e7\u00e3o ao Decreto n. 2.272\/1997, que o precedeu, o Decreto n. 9.507\/2018 j\u00e1 n\u00e3o se at\u00e9m textualmente \u00e0s atividades de assessoramento e apoio administrativo (conserva\u00e7\u00e3o, limpeza, seguran\u00e7a, vigil\u00e2ncia, transportes, inform\u00e1tica, copeiragem, recep\u00e7\u00e3o, reprografia, telecomunica\u00e7\u00f5es e manuten\u00e7\u00e3o de pr\u00e9dios, equipamentos e instala\u00e7\u00f5es), implementando na esfera p\u00fablica o que a Lei n. 13.467\/2018 consumou nas rela\u00e7\u00f5es de emprego em geral: a utiliza\u00e7\u00e3o indiscriminada de quadros terceirizados em quaisquer atividades do tomador de servi\u00e7o &#8211; inclusive em suas atividades principais -, ainda que a \u00fanica raz\u00e3o para faz\u00ea-lo seja o mero barateamento da m\u00e3o-de-obra indiretamente contratada.<\/p>\n<p>3.\u00a0A\u00a0Anamatra reitera, por oportuno, o seu posicionamento institucional , deliberado na cidade Belo Horizonte (MG), ao tempo do 19\u00ba Congresso Nacional dos Magistrados da Justi\u00e7a do Trabalho, no sentido de que a Lei n. 6.019\/1974, alterada pela Lei da Reforma Trabalhista (Lei n. 13.467\/2017), no que tange \u00e0 presta\u00e7\u00e3o de servi\u00e7os a terceiros, n\u00e3o se aplica \u00e0 administra\u00e7\u00e3o p\u00fablica direta, em raz\u00e3o do disposto no art. 37, caput e incisos I e II da Constitui\u00e7\u00e3o da Rep\u00fablica. Mesmo a recente decis\u00e3o do Supremo Tribunal Federal no \u00e2mbito da ADPF n. 324, ao reputar l\u00edcita a terceiriza\u00e7\u00e3o das chamadas \u201catividades-fim\u201d, certamente n\u00e3o sufraga o descarte do conjunto de princ\u00edpios constitucionais que regem a Administra\u00e7\u00e3o P\u00fablica; tampouco poder\u00e1 ser pretexto para a fraude, para a precariza\u00e7\u00e3o ou para a quebra da isonomia constitucional, notadamente no marco do servi\u00e7o p\u00fablico federal .<\/p>\n<p>4.\u00a0Fiel a seus preceitos estatut\u00e1rios, a\u00a0Anamatra encaminhar\u00e1 o inteiro teor do Decreto n. 9.507\/2018 \u00e0 sua Comiss\u00e3o Legislativa, visando o devido estudo e a confec\u00e7\u00e3o dos competentes pareceres, a partir dos quais respaldar\u00e1 as a\u00e7\u00f5es institucionais cab\u00edveis, pelo sufr\u00e1gio de suas inst\u00e2ncias decis\u00f3rias, a tempo e modo.<\/p>\n<p>Bras\u00edlia, 25 de setembro de 2018.<\/p>\n<p>Guilherme Guimar\u00e3es Feliciano<br \/>\nPresidente&#8221;<\/p>\n","protected":false},"excerpt":{"rendered":"<p>Em nota, entidade reitera posi\u00e7\u00e3o de que\u00a0a Lei n. 6.019\/1974, alterada pela reforma trabalhista, no que tange \u00e0 presta\u00e7\u00e3o de servi\u00e7os a terceiros, n\u00e3o se aplica \u00e0 administra\u00e7\u00e3o p\u00fablica direta Veja a nota: &#8220;A Associa\u00e7\u00e3o Nacional dos Magistrados da Justi\u00e7a do Trabalho (Anamatra), entidade representativa de 4 mil ju\u00edzes do Trabalho de todo o Brasil, a prop\u00f3sito do Decreto n. [&hellip;]<\/p>\n","protected":false},"author":27,"featured_media":0,"comment_status":"open","ping_status":"closed","sticky":false,"template":"","format":"standard","meta":{"footnotes":""},"categories":[2719],"tags":[1191,13576,1408,13575,9767,1769,344,13577,1413,732,4559,9253,3317,575,1379,1251,8505,261],"class_list":["post-10523","post","type-post","status-publish","format-standard","hentry","category-servidor","tag-administracao","tag-ameca","tag-anamatra","tag-decreto-9-5072018","tag-direta","tag-dou","tag-juizes","tag-lei-6-0191974","tag-poder-executivo","tag-prestacao","tag-profissionalizacao","tag-reforma-trabalhista","tag-regulamentar","tag-servico-publico","tag-servicos","tag-terceirizacao","tag-terceiros","tag-trabalho"],"_links":{"self":[{"href":"https:\/\/blogs.correiobraziliense.com.br\/servidor\/wp-json\/wp\/v2\/posts\/10523","targetHints":{"allow":["GET"]}}],"collection":[{"href":"https:\/\/blogs.correiobraziliense.com.br\/servidor\/wp-json\/wp\/v2\/posts"}],"about":[{"href":"https:\/\/blogs.correiobraziliense.com.br\/servidor\/wp-json\/wp\/v2\/types\/post"}],"author":[{"embeddable":true,"href":"https:\/\/blogs.correiobraziliense.com.br\/servidor\/wp-json\/wp\/v2\/users\/27"}],"replies":[{"embeddable":true,"href":"https:\/\/blogs.correiobraziliense.com.br\/servidor\/wp-json\/wp\/v2\/comments?post=10523"}],"version-history":[{"count":1,"href":"https:\/\/blogs.correiobraziliense.com.br\/servidor\/wp-json\/wp\/v2\/posts\/10523\/revisions"}],"predecessor-version":[{"id":10525,"href":"https:\/\/blogs.correiobraziliense.com.br\/servidor\/wp-json\/wp\/v2\/posts\/10523\/revisions\/10525"}],"wp:attachment":[{"href":"https:\/\/blogs.correiobraziliense.com.br\/servidor\/wp-json\/wp\/v2\/media?parent=10523"}],"wp:term":[{"taxonomy":"category","embeddable":true,"href":"https:\/\/blogs.correiobraziliense.com.br\/servidor\/wp-json\/wp\/v2\/categories?post=10523"},{"taxonomy":"post_tag","embeddable":true,"href":"https:\/\/blogs.correiobraziliense.com.br\/servidor\/wp-json\/wp\/v2\/tags?post=10523"}],"curies":[{"name":"wp","href":"https:\/\/api.w.org\/{rel}","templated":true}]}}