{"id":1050,"date":"2016-02-21T21:50:11","date_gmt":"2016-02-22T00:50:11","guid":{"rendered":"https:\/\/blogs.correiobraziliense.com.br\/servidor\/?p=1050"},"modified":"2016-02-21T21:50:11","modified_gmt":"2016-02-22T00:50:11","slug":"dia-nacional-de-luta-dos-servidores-do-judiciario","status":"publish","type":"post","link":"https:\/\/blogs.correiobraziliense.com.br\/servidor\/dia-nacional-de-luta-dos-servidores-do-judiciario\/","title":{"rendered":"DIA NACIONAL DE LUTA DOS SERVIDORES DO JUDICI\u00c1RIO"},"content":{"rendered":"<p>Segundo o sindicato da categoria (Sindjus-DF), <span id=\"lbltexto\">conforme delibera\u00e7\u00e3o da Fenajufe, no dia 25 de fevereiro os sindicatos filiados \u00e0 Federa\u00e7\u00e3o desenvolver\u00e3o atividades para marcar, em um Dia Nacional de Luta, o in\u00edcio das atividades de 2016 em torno da luta salarial e de outras pautas de interesse da categoria. <\/span><\/p>\n<p><span id=\"lbltexto\">No Distrito Federal, o Sindjus promover\u00e1 uma palestra com a auditoria fiscal e coordenadora nacional da Auditoria Cidad\u00e3 da D\u00edvida, Maria L\u00facia Fatorelli. Ela apresentar\u00e1 dados referentes ao pagamento da d\u00edvida p\u00fablica, dando destaque ao corte no or\u00e7amento do Judici\u00e1rio e ao veto da presidente Dilma \u00e0 execu\u00e7\u00e3o de auditoria da d\u00edvida p\u00fablica com participa\u00e7\u00e3o de entidades da sociedade civil. <\/span><\/p>\n<p><span id=\"lbltexto\">A palestra ter\u00e1 in\u00edcio \u00e0s 16h, no Audit\u00f3rio da Justi\u00e7a Federal (anexo \u2013 Sede I \u2013 Bloco G \u2013 Subsolo), que fica no SAU\/SUL Quadra 2, Bloco G, Pra\u00e7a dos Tribunais Superiores. Na sequ\u00eancia, no mesmo audit\u00f3rio, a Diretoria do Sindjus apresentar\u00e1, em Assembleia-Geral, com primeira chamada para \u00e0s 17h, e segunda para as 17h30, a Proposta Or\u00e7ament\u00e1ria 2016.<\/span><\/p>\n","protected":false},"excerpt":{"rendered":"<p>Segundo o sindicato da categoria (Sindjus-DF), conforme delibera\u00e7\u00e3o da Fenajufe, no dia 25 de fevereiro os sindicatos filiados \u00e0 Federa\u00e7\u00e3o desenvolver\u00e3o atividades para marcar, em um Dia Nacional de Luta, o in\u00edcio das atividades de 2016 em torno da luta salarial e de outras pautas de interesse da categoria. No Distrito Federal, o Sindjus promover\u00e1 uma palestra com a auditoria [&hellip;]<\/p>\n","protected":false},"author":27,"featured_media":0,"comment_status":"open","ping_status":"closed","sticky":false,"template":"","format":"standard","meta":{"footnotes":""},"categories":[1],"tags":[947,64,719,70,58],"class_list":["post-1050","post","type-post","status-publish","format-standard","hentry","category-sem-categoria","tag-dia","tag-judiciario","tag-luta","tag-nacional","tag-servidores"],"_links":{"self":[{"href":"https:\/\/blogs.correiobraziliense.com.br\/servidor\/wp-json\/wp\/v2\/posts\/1050","targetHints":{"allow":["GET"]}}],"collection":[{"href":"https:\/\/blogs.correiobraziliense.com.br\/servidor\/wp-json\/wp\/v2\/posts"}],"about":[{"href":"https:\/\/blogs.correiobraziliense.com.br\/servidor\/wp-json\/wp\/v2\/types\/post"}],"author":[{"embeddable":true,"href":"https:\/\/blogs.correiobraziliense.com.br\/servidor\/wp-json\/wp\/v2\/users\/27"}],"replies":[{"embeddable":true,"href":"https:\/\/blogs.correiobraziliense.com.br\/servidor\/wp-json\/wp\/v2\/comments?post=1050"}],"version-history":[{"count":1,"href":"https:\/\/blogs.correiobraziliense.com.br\/servidor\/wp-json\/wp\/v2\/posts\/1050\/revisions"}],"predecessor-version":[{"id":1051,"href":"https:\/\/blogs.correiobraziliense.com.br\/servidor\/wp-json\/wp\/v2\/posts\/1050\/revisions\/1051"}],"wp:attachment":[{"href":"https:\/\/blogs.correiobraziliense.com.br\/servidor\/wp-json\/wp\/v2\/media?parent=1050"}],"wp:term":[{"taxonomy":"category","embeddable":true,"href":"https:\/\/blogs.correiobraziliense.com.br\/servidor\/wp-json\/wp\/v2\/categories?post=1050"},{"taxonomy":"post_tag","embeddable":true,"href":"https:\/\/blogs.correiobraziliense.com.br\/servidor\/wp-json\/wp\/v2\/tags?post=1050"}],"curies":[{"name":"wp","href":"https:\/\/api.w.org\/{rel}","templated":true}]}}