{"id":10498,"date":"2018-09-24T16:06:32","date_gmt":"2018-09-24T19:06:32","guid":{"rendered":"https:\/\/blogs.correiobraziliense.com.br\/servidor\/?p=10498"},"modified":"2018-09-24T16:11:50","modified_gmt":"2018-09-24T19:11:50","slug":"adicional-para-aposentados-do-inss-que-precisam-de-ajuda-permanente-tem-impacto-de-r-36-bilhoes","status":"publish","type":"post","link":"https:\/\/blogs.correiobraziliense.com.br\/servidor\/adicional-para-aposentados-do-inss-que-precisam-de-ajuda-permanente-tem-impacto-de-r-36-bilhoes\/","title":{"rendered":"Adicional para aposentados do INSS que precisam de ajuda permanente tem impacto de R$ 3,6 bilh\u00f5es"},"content":{"rendered":"<p><em>A Institui\u00e7\u00e3o Fiscal Independente (IFI) divulgou a Nota T\u00e9cnica n\u00ba 22 \u2013 \u201cImpacto da decis\u00e3o do STJ sobre o adicional para aposentados que necessitem de ajuda permanente\u201d. Consulte o trabalho atrav\u00e9s no site\u00a0<b><span id=\"OBJ_PREFIX_DWT1597_com_zimbra_url\" class=\"Object\"><span id=\"OBJ_PREFIX_DWT1599_com_zimbra_url\" class=\"Object\"><a href=\"https:\/\/www12.senado.leg.br\/ifi\/publicacoes-1\/pasta-notas-tecnicas\/2018\/setembro\/nota-tecnica-no-22-impacto-da-decisao-do-stj-sobre-o-adicional-para-aposentados-que-necessitem-de-ajuda-permanente-set-2018\" target=\"_blank\">clicando aqui<\/a><\/span><\/span><\/b>. A decis\u00e3o atinge 1 milh\u00e3o de pessoas e despesas previdenci\u00e1rias anuais de R$ 3,6 bilh\u00f5es<\/em><\/p>\n<p><img loading=\"lazy\" decoding=\"async\" class=\"alignright size-large wp-image-10499\" src=\"https:\/\/blogs.correiobraziliense.com.br\/servidor\/wp-content\/uploads\/sites\/10\/2018\/09\/kkkkkkkkkkkkk-1024x144.jpg\" alt=\"kkkkkkkkkkkkk\" width=\"1024\" height=\"144\" srcset=\"https:\/\/blogs.correiobraziliense.com.br\/servidor\/wp-content\/uploads\/sites\/10\/2018\/09\/kkkkkkkkkkkkk-1024x144.jpg 1024w, https:\/\/blogs.correiobraziliense.com.br\/servidor\/wp-content\/uploads\/sites\/10\/2018\/09\/kkkkkkkkkkkkk-300x42.jpg 300w, https:\/\/blogs.correiobraziliense.com.br\/servidor\/wp-content\/uploads\/sites\/10\/2018\/09\/kkkkkkkkkkkkk-768x108.jpg 768w, https:\/\/blogs.correiobraziliense.com.br\/servidor\/wp-content\/uploads\/sites\/10\/2018\/09\/kkkkkkkkkkkkk-350x49.jpg 350w, https:\/\/blogs.correiobraziliense.com.br\/servidor\/wp-content\/uploads\/sites\/10\/2018\/09\/kkkkkkkkkkkkk-550x78.jpg 550w, https:\/\/blogs.correiobraziliense.com.br\/servidor\/wp-content\/uploads\/sites\/10\/2018\/09\/kkkkkkkkkkkkk-230x32.jpg 230w, https:\/\/blogs.correiobraziliense.com.br\/servidor\/wp-content\/uploads\/sites\/10\/2018\/09\/kkkkkkkkkkkkk.jpg 1036w\" sizes=\"auto, (max-width: 1024px) 100vw, 1024px\" \/><\/p>\n<p>Em agosto, a Primeira Se\u00e7\u00e3o do STJ decidiu que, comprovada a necessidade de aux\u00edlio permanente de outra pessoa, \u00e9 devido o acr\u00e9scimo de 25% a qualquer modalidade de aposentadoria paga pelo INSS. Pela Lei 8.213\/1991, apenas os aposentados por invalidez teriam direito ao adicional. A IFI estima que a decis\u00e3o alcance cerca de 1 milh\u00e3o de pessoas, com impacto anual de R$ 3,6 bilh\u00f5es nas despesas previdenci\u00e1rias da Uni\u00e3o.<\/p>\n<p>Para efeito da estimativa de impacto da decis\u00e3o, o IFI considerou que o valor m\u00e9dio mensal de aposentadoria relativo ao grupo de indiv\u00edduos que podem ser alcan\u00e7ados pela decis\u00e3o do STJ \u00e9 de R$ 1.062,00 (R$ 1.370,00 menos 22,5%). O impacto anual \u00e9 dado pelo produto do n\u00famero de pessoas que podem ser alcan\u00e7adas pela decis\u00e3o do STJ pelo valor m\u00e9dio mensal estimado para as aposentadorias desse grupo e pelo n\u00famero de parcelas recebidas no ano (13).<\/p>\n<p>&#8220;De acordo com as hip\u00f3teses adotadas pela IFI, o impacto potencial da decis\u00e3o do STJ \u00e9 de cerca de R$ 3,6 bilh\u00f5es, ao ano, no gasto previdenci\u00e1rio da Uni\u00e3o&#8221;, apontou o estudo.<\/p>\n<p>&nbsp;<\/p>\n","protected":false},"excerpt":{"rendered":"<p>A Institui\u00e7\u00e3o Fiscal Independente (IFI) divulgou a Nota T\u00e9cnica n\u00ba 22 \u2013 \u201cImpacto da decis\u00e3o do STJ sobre o adicional para aposentados que necessitem de ajuda permanente\u201d. Consulte o trabalho atrav\u00e9s no site\u00a0clicando aqui. A decis\u00e3o atinge 1 milh\u00e3o de pessoas e despesas previdenci\u00e1rias anuais de R$ 3,6 bilh\u00f5es Em agosto, a Primeira Se\u00e7\u00e3o do STJ decidiu que, comprovada a [&hellip;]<\/p>\n","protected":false},"author":27,"featured_media":0,"comment_status":"open","ping_status":"closed","sticky":false,"template":"","format":"standard","meta":{"footnotes":""},"categories":[2719],"tags":[2046,6594,345,1635,4486,833,11,1629,3010,1040],"class_list":["post-10498","post","type-post","status-publish","format-standard","hentry","category-servidor","tag-adicional","tag-ajuda","tag-aposentados","tag-gasto","tag-ifi","tag-impacto","tag-inss","tag-permanente","tag-previdenciario","tag-stj"],"_links":{"self":[{"href":"https:\/\/blogs.correiobraziliense.com.br\/servidor\/wp-json\/wp\/v2\/posts\/10498","targetHints":{"allow":["GET"]}}],"collection":[{"href":"https:\/\/blogs.correiobraziliense.com.br\/servidor\/wp-json\/wp\/v2\/posts"}],"about":[{"href":"https:\/\/blogs.correiobraziliense.com.br\/servidor\/wp-json\/wp\/v2\/types\/post"}],"author":[{"embeddable":true,"href":"https:\/\/blogs.correiobraziliense.com.br\/servidor\/wp-json\/wp\/v2\/users\/27"}],"replies":[{"embeddable":true,"href":"https:\/\/blogs.correiobraziliense.com.br\/servidor\/wp-json\/wp\/v2\/comments?post=10498"}],"version-history":[{"count":2,"href":"https:\/\/blogs.correiobraziliense.com.br\/servidor\/wp-json\/wp\/v2\/posts\/10498\/revisions"}],"predecessor-version":[{"id":10502,"href":"https:\/\/blogs.correiobraziliense.com.br\/servidor\/wp-json\/wp\/v2\/posts\/10498\/revisions\/10502"}],"wp:attachment":[{"href":"https:\/\/blogs.correiobraziliense.com.br\/servidor\/wp-json\/wp\/v2\/media?parent=10498"}],"wp:term":[{"taxonomy":"category","embeddable":true,"href":"https:\/\/blogs.correiobraziliense.com.br\/servidor\/wp-json\/wp\/v2\/categories?post=10498"},{"taxonomy":"post_tag","embeddable":true,"href":"https:\/\/blogs.correiobraziliense.com.br\/servidor\/wp-json\/wp\/v2\/tags?post=10498"}],"curies":[{"name":"wp","href":"https:\/\/api.w.org\/{rel}","templated":true}]}}